{"id":1174,"date":"2021-11-16T13:18:43","date_gmt":"2021-11-16T12:18:43","guid":{"rendered":"https:\/\/hierostrasbourg.com\/index.php\/2021\/11\/16\/le-cdmc-guebwiller-recrute-un-charge-de-mission-musique-f-h-2\/"},"modified":"2021-11-16T13:18:43","modified_gmt":"2021-11-16T12:18:43","slug":"le-cdmc-guebwiller-recrute-un-charge-de-mission-musique-f-h-2","status":"publish","type":"post","link":"https:\/\/hierostrasbourg.com\/index.php\/2021\/11\/16\/le-cdmc-guebwiller-recrute-un-charge-de-mission-musique-f-h-2\/","title":{"rendered":"le CDMC [Guebwiller] recrute un charg\u00e9 de mission musique [F\/H]"},"content":{"rendered":"<p>Cr\u00e9\u00e9 en 1969, le Conseil D\u00e9partemental pour la Musique et Culture (CDMC) est un interlocuteur privil\u00e9gi\u00e9 des collectivit\u00e9s en mati\u00e8re de d\u00e9veloppement artistique.<br \/>\nEn lien avec diff\u00e9rents partenaires institutionnels, et en collaboration avec des professionnels, il contribue par ses actions \u00e0 la qualit\u00e9 de la formation et de la pratique de la musique, de la danse et du th\u00e9\u00e2tre dans le d\u00e9partement. Il anime et coordonne sur le terrain le Sch\u00e9ma D\u00e9partemental d\u2019Enseignement Artistique de la Collectivit\u00e9 Europ\u00e9enne d\u2019Alsace (CEA).<\/p>\n<h2>Missions<\/h2>\n<p>Organiser et entretenir les relations avec et entre les Ecoles de Musique de la CEA en collaboration avec l\u2019autre charg\u00e9e de mission musique.<br \/>\nAccompagner des projets artistiques et musicaux sur le territoire Alsace.<br \/>\nPiloter et organiser les \u00e9valuations d\u00e9partementales en lien avec les Ecoles de Musique et en collaboration avec la charg\u00e9e de mission musique.<br \/>\nAccompagner et soutenir les questionnements p\u00e9dagogiques et sociaux des Ecoles de Musique.<br \/>\nApporter un soutien \u00e0 la pratique artistique amateur.<br \/>\nG\u00e9rer la communication digitale du CDMC (r\u00e9seaux sociaux, \u2026) et la veille informative du milieu et du r\u00e9seau au niveau national (f\u00e9d\u00e9rations, associations de directeurs, groupements, etc)<\/p>\n<h2>Profil recherch\u00e9<\/h2>\n<p>Nous recherchons un profil de musicien-p\u00e9dagogue, dans l\u2019id\u00e9al dipl\u00f4m\u00e9 DE, attir\u00e9 par des fonctions de gestion et de management de projets culturels<br \/>\nPratique r\u00e9guli\u00e8re de la musique et de son enseignement. Int\u00e9r\u00eat pr\u00e9pond\u00e9rant pour la pratique collective.<br \/>\nExp\u00e9rience des t\u00e2ches manag\u00e9riales (direction de r\u00e9unions, constitution de dossiers, gestion de projets, administration, etc\u2026)<br \/>\nConnaissance g\u00e9n\u00e9rale dans les domaines artistiques et culturels, et connaissance pointue du r\u00e9seau musical alsacien<br \/>\nMa\u00eetrise des logiciels informatiques (Word, Excel, Power Point\u2026) et des r\u00e9seaux sociaux.<br \/>\nExcellente capacit\u00e9 r\u00e9dactionnelle, relationnelle et organisationnelle.<br \/>\nSens du travail en \u00e9quipe et du contact humain, qualit\u00e9s d\u2019ouverture et de communication.<br \/>\nCr\u00e9ativit\u00e9, force de proposition et autonomie.<br \/>\nUn int\u00e9r\u00eat pour le num\u00e9rique serait un plus.<\/p>\n<p>Date de prise de fonction : 1er trimestre 2022<br \/>\nDate limite de candidature : 20 d\u00e9cembre 2021<br \/>\nR\u00e9mun\u00e9ration entre 1200 et 1500\u20ac net par mois temps partiel 70%<br \/>\nRecrutement en CDI \u00e0 temps partiel (environ 70%)<br \/>\nPoste bas\u00e9 \u00e0 Guebwiller, d\u00e9placements \u00e0 pr\u00e9voir, permis B indispensable<\/p>\n<p>CDMC<br \/>\n34 Rue des Dominicains<br \/>\nCS8713<br \/>\n68500 GUEBWILLER<\/p>\n<p>contact@cdmc68.com<\/p>\n<p>L\u2019article <a href=\"https:\/\/popburo.fr\/le-cdmc-guebwiller-recrute-un-charge-de-mission-musique-f-h\/\">le CDMC [Guebwiller] recrute un charg\u00e9 de mission musique [F\/H]<\/a> est apparu en premier sur <a href=\"https:\/\/popburo.fr\/\">POP B\u00dcRO<\/a>.<\/p>\n","protected":false},"excerpt":{"rendered":"<p>Cr\u00e9\u00e9 en 1969, le Conseil D\u00e9partemental pour la Musique et Culture (CDMC) est un interlocuteur privil\u00e9gi\u00e9 des collectivit\u00e9s en mati\u00e8re de d\u00e9veloppement artistique. En lien avec diff\u00e9rents partenaires institutionnels, et en collaboration avec des professionnels, il contribue par ses actions \u00e0 la qualit\u00e9 de la formation et de la pratique de la musique, de la danse et du th\u00e9\u00e2tre dans le d\u00e9partement. Il anime et coordonne sur le terrain le Sch\u00e9ma D\u00e9partemental d\u2019Enseignement Artistique de la Collectivit\u00e9 Europ\u00e9enne d\u2019Alsace (CEA). [&hellip;]<\/p>\n","protected":false},"author":0,"featured_media":0,"comment_status":"closed","ping_status":"open","sticky":false,"template":"","format":"standard","meta":{"footnotes":""},"categories":[1],"tags":[],"class_list":["post-1174","post","type-post","status-publish","format-standard","hentry","category-non-classe"],"yoast_head":"<!-- This site is optimized with the Yoast SEO plugin v27.5 - https:\/\/yoast.com\/product\/yoast-seo-wordpress\/ -->\n<title>le CDMC [Guebwiller] recrute un charg\u00e9 de mission musique [F\/H] - HIERO STRASBOURG<\/title>\n<meta name=\"robots\" content=\"index, follow, max-snippet:-1, max-image-preview:large, max-video-preview:-1\" \/>\n<link rel=\"canonical\" href=\"https:\/\/hierostrasbourg.com\/index.php\/2021\/11\/16\/le-cdmc-guebwiller-recrute-un-charge-de-mission-musique-f-h-2\/\" \/>\n<meta property=\"og:locale\" content=\"fr_FR\" \/>\n<meta property=\"og:type\" content=\"article\" \/>\n<meta property=\"og:title\" content=\"le CDMC [Guebwiller] recrute un charg\u00e9 de mission musique [F\/H] - HIERO STRASBOURG\" \/>\n<meta property=\"og:description\" content=\"Cr\u00e9\u00e9 en 1969, le Conseil D\u00e9partemental pour la Musique et Culture (CDMC) est un interlocuteur privil\u00e9gi\u00e9 des collectivit\u00e9s en mati\u00e8re de d\u00e9veloppement artistique. En lien avec diff\u00e9rents partenaires institutionnels, et en collaboration avec des professionnels, il contribue par ses actions \u00e0 la qualit\u00e9 de la formation et de la pratique de la musique, de la danse et du th\u00e9\u00e2tre dans le d\u00e9partement. Il anime et coordonne sur le terrain le Sch\u00e9ma D\u00e9partemental d\u2019Enseignement Artistique de la Collectivit\u00e9 Europ\u00e9enne d\u2019Alsace (CEA). [&hellip;]\" \/>\n<meta property=\"og:url\" content=\"https:\/\/hierostrasbourg.com\/index.php\/2021\/11\/16\/le-cdmc-guebwiller-recrute-un-charge-de-mission-musique-f-h-2\/\" \/>\n<meta property=\"og:site_name\" content=\"HIERO STRASBOURG\" \/>\n<meta property=\"article:publisher\" content=\"https:\/\/www.facebook.com\/fedehierostrasbourg\" \/>\n<meta property=\"article:published_time\" content=\"2021-11-16T12:18:43+00:00\" \/>\n<meta name=\"twitter:card\" content=\"summary_large_image\" \/>\n<meta name=\"twitter:creator\" content=\"@hierostrasbourg\" \/>\n<meta name=\"twitter:site\" content=\"@hierostrasbourg\" \/>\n<meta name=\"twitter:label1\" content=\"Dur\u00e9e de lecture estim\u00e9e\" \/>\n\t<meta name=\"twitter:data1\" content=\"2 minutes\" \/>\n<script type=\"application\/ld+json\" class=\"yoast-schema-graph\">{\"@context\":\"https:\\\/\\\/schema.org\",\"@graph\":[{\"@type\":\"Article\",\"@id\":\"https:\\\/\\\/hierostrasbourg.com\\\/index.php\\\/2021\\\/11\\\/16\\\/le-cdmc-guebwiller-recrute-un-charge-de-mission-musique-f-h-2\\\/#article\",\"isPartOf\":{\"@id\":\"https:\\\/\\\/hierostrasbourg.com\\\/index.php\\\/2021\\\/11\\\/16\\\/le-cdmc-guebwiller-recrute-un-charge-de-mission-musique-f-h-2\\\/\"},\"author\":{\"name\":\"\",\"@id\":\"\"},\"headline\":\"le CDMC [Guebwiller] recrute un charg\u00e9 de mission musique [F\\\/H]\",\"datePublished\":\"2021-11-16T12:18:43+00:00\",\"mainEntityOfPage\":{\"@id\":\"https:\\\/\\\/hierostrasbourg.com\\\/index.php\\\/2021\\\/11\\\/16\\\/le-cdmc-guebwiller-recrute-un-charge-de-mission-musique-f-h-2\\\/\"},\"wordCount\":423,\"publisher\":{\"@id\":\"https:\\\/\\\/hierostrasbourg.com\\\/#organization\"},\"inLanguage\":\"fr-FR\"},{\"@type\":\"WebPage\",\"@id\":\"https:\\\/\\\/hierostrasbourg.com\\\/index.php\\\/2021\\\/11\\\/16\\\/le-cdmc-guebwiller-recrute-un-charge-de-mission-musique-f-h-2\\\/\",\"url\":\"https:\\\/\\\/hierostrasbourg.com\\\/index.php\\\/2021\\\/11\\\/16\\\/le-cdmc-guebwiller-recrute-un-charge-de-mission-musique-f-h-2\\\/\",\"name\":\"le CDMC [Guebwiller] recrute un charg\u00e9 de mission musique [F\\\/H] - HIERO STRASBOURG\",\"isPartOf\":{\"@id\":\"https:\\\/\\\/hierostrasbourg.com\\\/#website\"},\"datePublished\":\"2021-11-16T12:18:43+00:00\",\"breadcrumb\":{\"@id\":\"https:\\\/\\\/hierostrasbourg.com\\\/index.php\\\/2021\\\/11\\\/16\\\/le-cdmc-guebwiller-recrute-un-charge-de-mission-musique-f-h-2\\\/#breadcrumb\"},\"inLanguage\":\"fr-FR\",\"potentialAction\":[{\"@type\":\"ReadAction\",\"target\":[\"https:\\\/\\\/hierostrasbourg.com\\\/index.php\\\/2021\\\/11\\\/16\\\/le-cdmc-guebwiller-recrute-un-charge-de-mission-musique-f-h-2\\\/\"]}]},{\"@type\":\"BreadcrumbList\",\"@id\":\"https:\\\/\\\/hierostrasbourg.com\\\/index.php\\\/2021\\\/11\\\/16\\\/le-cdmc-guebwiller-recrute-un-charge-de-mission-musique-f-h-2\\\/#breadcrumb\",\"itemListElement\":[{\"@type\":\"ListItem\",\"position\":1,\"name\":\"Accueil\",\"item\":\"https:\\\/\\\/hierostrasbourg.com\\\/\"},{\"@type\":\"ListItem\",\"position\":2,\"name\":\"le CDMC [Guebwiller] recrute un charg\u00e9 de mission musique [F\\\/H]\"}]},{\"@type\":\"WebSite\",\"@id\":\"https:\\\/\\\/hierostrasbourg.com\\\/#website\",\"url\":\"https:\\\/\\\/hierostrasbourg.com\\\/\",\"name\":\"HIERO STRASBOURG\",\"description\":\"Centre de Ressources Musiques Actuelles\",\"publisher\":{\"@id\":\"https:\\\/\\\/hierostrasbourg.com\\\/#organization\"},\"potentialAction\":[{\"@type\":\"SearchAction\",\"target\":{\"@type\":\"EntryPoint\",\"urlTemplate\":\"https:\\\/\\\/hierostrasbourg.com\\\/?s={search_term_string}\"},\"query-input\":{\"@type\":\"PropertyValueSpecification\",\"valueRequired\":true,\"valueName\":\"search_term_string\"}}],\"inLanguage\":\"fr-FR\"},{\"@type\":\"Organization\",\"@id\":\"https:\\\/\\\/hierostrasbourg.com\\\/#organization\",\"name\":\"F\u00e9d\u00e9ration Hi\u00e9ro Strasbourg\",\"url\":\"https:\\\/\\\/hierostrasbourg.com\\\/\",\"logo\":{\"@type\":\"ImageObject\",\"inLanguage\":\"fr-FR\",\"@id\":\"https:\\\/\\\/hierostrasbourg.com\\\/#\\\/schema\\\/logo\\\/image\\\/\",\"url\":\"https:\\\/\\\/hierostrasbourg.com\\\/wp-content\\\/uploads\\\/2026\\\/04\\\/logo-hiero-strasbourg.jpg\",\"contentUrl\":\"https:\\\/\\\/hierostrasbourg.com\\\/wp-content\\\/uploads\\\/2026\\\/04\\\/logo-hiero-strasbourg.jpg\",\"width\":204,\"height\":192,\"caption\":\"F\u00e9d\u00e9ration Hi\u00e9ro Strasbourg\"},\"image\":{\"@id\":\"https:\\\/\\\/hierostrasbourg.com\\\/#\\\/schema\\\/logo\\\/image\\\/\"},\"sameAs\":[\"https:\\\/\\\/www.facebook.com\\\/fedehierostrasbourg\",\"https:\\\/\\\/x.com\\\/hierostrasbourg\"]}]}<\/script>\n<!-- \/ Yoast SEO plugin. -->","yoast_head_json":{"title":"le CDMC [Guebwiller] recrute un charg\u00e9 de mission musique [F\/H] - HIERO STRASBOURG","robots":{"index":"index","follow":"follow","max-snippet":"max-snippet:-1","max-image-preview":"max-image-preview:large","max-video-preview":"max-video-preview:-1"},"canonical":"https:\/\/hierostrasbourg.com\/index.php\/2021\/11\/16\/le-cdmc-guebwiller-recrute-un-charge-de-mission-musique-f-h-2\/","og_locale":"fr_FR","og_type":"article","og_title":"le CDMC [Guebwiller] recrute un charg\u00e9 de mission musique [F\/H] - HIERO STRASBOURG","og_description":"Cr\u00e9\u00e9 en 1969, le Conseil D\u00e9partemental pour la Musique et Culture (CDMC) est un interlocuteur privil\u00e9gi\u00e9 des collectivit\u00e9s en mati\u00e8re de d\u00e9veloppement artistique. En lien avec diff\u00e9rents partenaires institutionnels, et en collaboration avec des professionnels, il contribue par ses actions \u00e0 la qualit\u00e9 de la formation et de la pratique de la musique, de la danse et du th\u00e9\u00e2tre dans le d\u00e9partement. Il anime et coordonne sur le terrain le Sch\u00e9ma D\u00e9partemental d\u2019Enseignement Artistique de la Collectivit\u00e9 Europ\u00e9enne d\u2019Alsace (CEA). [&hellip;]","og_url":"https:\/\/hierostrasbourg.com\/index.php\/2021\/11\/16\/le-cdmc-guebwiller-recrute-un-charge-de-mission-musique-f-h-2\/","og_site_name":"HIERO STRASBOURG","article_publisher":"https:\/\/www.facebook.com\/fedehierostrasbourg","article_published_time":"2021-11-16T12:18:43+00:00","twitter_card":"summary_large_image","twitter_creator":"@hierostrasbourg","twitter_site":"@hierostrasbourg","twitter_misc":{"Dur\u00e9e de lecture estim\u00e9e":"2 minutes"},"schema":{"@context":"https:\/\/schema.org","@graph":[{"@type":"Article","@id":"https:\/\/hierostrasbourg.com\/index.php\/2021\/11\/16\/le-cdmc-guebwiller-recrute-un-charge-de-mission-musique-f-h-2\/#article","isPartOf":{"@id":"https:\/\/hierostrasbourg.com\/index.php\/2021\/11\/16\/le-cdmc-guebwiller-recrute-un-charge-de-mission-musique-f-h-2\/"},"author":{"name":"","@id":""},"headline":"le CDMC [Guebwiller] recrute un charg\u00e9 de mission musique [F\/H]","datePublished":"2021-11-16T12:18:43+00:00","mainEntityOfPage":{"@id":"https:\/\/hierostrasbourg.com\/index.php\/2021\/11\/16\/le-cdmc-guebwiller-recrute-un-charge-de-mission-musique-f-h-2\/"},"wordCount":423,"publisher":{"@id":"https:\/\/hierostrasbourg.com\/#organization"},"inLanguage":"fr-FR"},{"@type":"WebPage","@id":"https:\/\/hierostrasbourg.com\/index.php\/2021\/11\/16\/le-cdmc-guebwiller-recrute-un-charge-de-mission-musique-f-h-2\/","url":"https:\/\/hierostrasbourg.com\/index.php\/2021\/11\/16\/le-cdmc-guebwiller-recrute-un-charge-de-mission-musique-f-h-2\/","name":"le CDMC [Guebwiller] recrute un charg\u00e9 de mission musique [F\/H] - HIERO STRASBOURG","isPartOf":{"@id":"https:\/\/hierostrasbourg.com\/#website"},"datePublished":"2021-11-16T12:18:43+00:00","breadcrumb":{"@id":"https:\/\/hierostrasbourg.com\/index.php\/2021\/11\/16\/le-cdmc-guebwiller-recrute-un-charge-de-mission-musique-f-h-2\/#breadcrumb"},"inLanguage":"fr-FR","potentialAction":[{"@type":"ReadAction","target":["https:\/\/hierostrasbourg.com\/index.php\/2021\/11\/16\/le-cdmc-guebwiller-recrute-un-charge-de-mission-musique-f-h-2\/"]}]},{"@type":"BreadcrumbList","@id":"https:\/\/hierostrasbourg.com\/index.php\/2021\/11\/16\/le-cdmc-guebwiller-recrute-un-charge-de-mission-musique-f-h-2\/#breadcrumb","itemListElement":[{"@type":"ListItem","position":1,"name":"Accueil","item":"https:\/\/hierostrasbourg.com\/"},{"@type":"ListItem","position":2,"name":"le CDMC [Guebwiller] recrute un charg\u00e9 de mission musique [F\/H]"}]},{"@type":"WebSite","@id":"https:\/\/hierostrasbourg.com\/#website","url":"https:\/\/hierostrasbourg.com\/","name":"HIERO STRASBOURG","description":"Centre de Ressources Musiques Actuelles","publisher":{"@id":"https:\/\/hierostrasbourg.com\/#organization"},"potentialAction":[{"@type":"SearchAction","target":{"@type":"EntryPoint","urlTemplate":"https:\/\/hierostrasbourg.com\/?s={search_term_string}"},"query-input":{"@type":"PropertyValueSpecification","valueRequired":true,"valueName":"search_term_string"}}],"inLanguage":"fr-FR"},{"@type":"Organization","@id":"https:\/\/hierostrasbourg.com\/#organization","name":"F\u00e9d\u00e9ration Hi\u00e9ro Strasbourg","url":"https:\/\/hierostrasbourg.com\/","logo":{"@type":"ImageObject","inLanguage":"fr-FR","@id":"https:\/\/hierostrasbourg.com\/#\/schema\/logo\/image\/","url":"https:\/\/hierostrasbourg.com\/wp-content\/uploads\/2026\/04\/logo-hiero-strasbourg.jpg","contentUrl":"https:\/\/hierostrasbourg.com\/wp-content\/uploads\/2026\/04\/logo-hiero-strasbourg.jpg","width":204,"height":192,"caption":"F\u00e9d\u00e9ration Hi\u00e9ro Strasbourg"},"image":{"@id":"https:\/\/hierostrasbourg.com\/#\/schema\/logo\/image\/"},"sameAs":["https:\/\/www.facebook.com\/fedehierostrasbourg","https:\/\/x.com\/hierostrasbourg"]}]}},"_links":{"self":[{"href":"https:\/\/hierostrasbourg.com\/index.php\/wp-json\/wp\/v2\/posts\/1174","targetHints":{"allow":["GET"]}}],"collection":[{"href":"https:\/\/hierostrasbourg.com\/index.php\/wp-json\/wp\/v2\/posts"}],"about":[{"href":"https:\/\/hierostrasbourg.com\/index.php\/wp-json\/wp\/v2\/types\/post"}],"replies":[{"embeddable":true,"href":"https:\/\/hierostrasbourg.com\/index.php\/wp-json\/wp\/v2\/comments?post=1174"}],"version-history":[{"count":0,"href":"https:\/\/hierostrasbourg.com\/index.php\/wp-json\/wp\/v2\/posts\/1174\/revisions"}],"wp:attachment":[{"href":"https:\/\/hierostrasbourg.com\/index.php\/wp-json\/wp\/v2\/media?parent=1174"}],"wp:term":[{"taxonomy":"category","embeddable":true,"href":"https:\/\/hierostrasbourg.com\/index.php\/wp-json\/wp\/v2\/categories?post=1174"},{"taxonomy":"post_tag","embeddable":true,"href":"https:\/\/hierostrasbourg.com\/index.php\/wp-json\/wp\/v2\/tags?post=1174"}],"curies":[{"name":"wp","href":"https:\/\/api.w.org\/{rel}","templated":true}]}}