{"id":1169,"date":"2021-11-15T00:21:19","date_gmt":"2021-11-14T23:21:19","guid":{"rendered":"https:\/\/hierostrasbourg.com\/index.php\/2021\/11\/15\/port-du-masque-cinemas-concerts-grand-flou-et-relachement-general-dans-les-lieux-culturels\/"},"modified":"2021-11-15T00:21:19","modified_gmt":"2021-11-14T23:21:19","slug":"port-du-masque-cinemas-concerts-grand-flou-et-relachement-general-dans-les-lieux-culturels","status":"publish","type":"post","link":"https:\/\/hierostrasbourg.com\/index.php\/2021\/11\/15\/port-du-masque-cinemas-concerts-grand-flou-et-relachement-general-dans-les-lieux-culturels\/","title":{"rendered":"Port du masque : cin\u00e9mas, concerts\u2026 grand flou et rel\u00e2chement g\u00e9n\u00e9ral dans les lieux culturels"},"content":{"rendered":"<p><em>Le gouvernement supprime les jauges diff\u00e9renci\u00e9es dans les salles de spectacles mais renforce l\u2019incitation \u00e0 porter le masque, comme nous le confirme Roselyne Bachelot, la ministre de la Culture. La r\u00e9alit\u00e9 reste cependant tr\u00e8s floue.<\/em><\/p>\n<p>Source \/ Lire la suite : <a href=\"https:\/\/www.leparisien.fr\/culture-loisirs\/port-du-masque-dans-les-lieux-culturels-le-grand-relachement-14-11-2021-2BPCQMUGLJH4HMUNHFSJBBRR2Y.php\">Port du masque : cin\u00e9mas, concerts\u2026 grand flou et rel\u00e2chement g\u00e9n\u00e9ral dans les lieux culturels<\/a><\/p>\n<p>L\u2019article <a href=\"https:\/\/popburo.fr\/port-du-masque-cinemas-concerts-grand-flou-et-relachement-general-dans-les-lieux-culturels\/\">Port du masque : cin\u00e9mas, concerts\u2026 grand flou et rel\u00e2chement g\u00e9n\u00e9ral dans les lieux culturels<\/a> est apparu en premier sur <a href=\"https:\/\/popburo.fr\/\">POP B\u00dcRO<\/a>.<\/p>\n","protected":false},"excerpt":{"rendered":"<p>Le gouvernement supprime les jauges diff\u00e9renci\u00e9es dans les salles de spectacles mais renforce l\u2019incitation \u00e0 porter le masque, comme nous le confirme Roselyne Bachelot, la ministre de la Culture. La r\u00e9alit\u00e9 reste cependant tr\u00e8s floue. Source \/ Lire la suite : Port du masque : cin\u00e9mas, concerts\u2026 grand flou et rel\u00e2chement g\u00e9n\u00e9ral dans les lieux culturels L\u2019article Port du masque : cin\u00e9mas, concerts\u2026 grand flou et rel\u00e2chement g\u00e9n\u00e9ral dans les lieux culturels est apparu en premier sur POP B\u00dcRO.<\/p>\n","protected":false},"author":0,"featured_media":0,"comment_status":"closed","ping_status":"open","sticky":false,"template":"","format":"standard","meta":{"footnotes":""},"categories":[1],"tags":[],"class_list":["post-1169","post","type-post","status-publish","format-standard","hentry","category-non-classe"],"yoast_head":"<!-- This site is optimized with the Yoast SEO plugin v27.5 - https:\/\/yoast.com\/product\/yoast-seo-wordpress\/ -->\n<title>Port du masque : cin\u00e9mas, concerts\u2026 grand flou et rel\u00e2chement g\u00e9n\u00e9ral dans les lieux culturels - HIERO STRASBOURG<\/title>\n<meta name=\"robots\" content=\"index, follow, max-snippet:-1, max-image-preview:large, max-video-preview:-1\" \/>\n<link rel=\"canonical\" href=\"https:\/\/hierostrasbourg.com\/index.php\/2021\/11\/15\/port-du-masque-cinemas-concerts-grand-flou-et-relachement-general-dans-les-lieux-culturels\/\" \/>\n<meta property=\"og:locale\" content=\"fr_FR\" \/>\n<meta property=\"og:type\" content=\"article\" \/>\n<meta property=\"og:title\" content=\"Port du masque : cin\u00e9mas, concerts\u2026 grand flou et rel\u00e2chement g\u00e9n\u00e9ral dans les lieux culturels - HIERO STRASBOURG\" \/>\n<meta property=\"og:description\" content=\"Le gouvernement supprime les jauges diff\u00e9renci\u00e9es dans les salles de spectacles mais renforce l\u2019incitation \u00e0 porter le masque, comme nous le confirme Roselyne Bachelot, la ministre de la Culture. La r\u00e9alit\u00e9 reste cependant tr\u00e8s floue. Source \/ Lire la suite : Port du masque : cin\u00e9mas, concerts\u2026 grand flou et rel\u00e2chement g\u00e9n\u00e9ral dans les lieux culturels L\u2019article Port du masque : cin\u00e9mas, concerts\u2026 grand flou et rel\u00e2chement g\u00e9n\u00e9ral dans les lieux culturels est apparu en premier sur POP B\u00dcRO.\" \/>\n<meta property=\"og:url\" content=\"https:\/\/hierostrasbourg.com\/index.php\/2021\/11\/15\/port-du-masque-cinemas-concerts-grand-flou-et-relachement-general-dans-les-lieux-culturels\/\" \/>\n<meta property=\"og:site_name\" content=\"HIERO STRASBOURG\" \/>\n<meta property=\"article:publisher\" content=\"https:\/\/www.facebook.com\/fedehierostrasbourg\" \/>\n<meta property=\"article:published_time\" content=\"2021-11-14T23:21:19+00:00\" \/>\n<meta name=\"twitter:card\" content=\"summary_large_image\" \/>\n<meta name=\"twitter:creator\" content=\"@hierostrasbourg\" \/>\n<meta name=\"twitter:site\" content=\"@hierostrasbourg\" \/>\n<script type=\"application\/ld+json\" class=\"yoast-schema-graph\">{\"@context\":\"https:\\\/\\\/schema.org\",\"@graph\":[{\"@type\":\"Article\",\"@id\":\"https:\\\/\\\/hierostrasbourg.com\\\/index.php\\\/2021\\\/11\\\/15\\\/port-du-masque-cinemas-concerts-grand-flou-et-relachement-general-dans-les-lieux-culturels\\\/#article\",\"isPartOf\":{\"@id\":\"https:\\\/\\\/hierostrasbourg.com\\\/index.php\\\/2021\\\/11\\\/15\\\/port-du-masque-cinemas-concerts-grand-flou-et-relachement-general-dans-les-lieux-culturels\\\/\"},\"author\":{\"name\":\"\",\"@id\":\"\"},\"headline\":\"Port du masque : cin\u00e9mas, concerts\u2026 grand flou et rel\u00e2chement g\u00e9n\u00e9ral dans les lieux culturels\",\"datePublished\":\"2021-11-14T23:21:19+00:00\",\"mainEntityOfPage\":{\"@id\":\"https:\\\/\\\/hierostrasbourg.com\\\/index.php\\\/2021\\\/11\\\/15\\\/port-du-masque-cinemas-concerts-grand-flou-et-relachement-general-dans-les-lieux-culturels\\\/\"},\"wordCount\":107,\"publisher\":{\"@id\":\"https:\\\/\\\/hierostrasbourg.com\\\/#organization\"},\"inLanguage\":\"fr-FR\"},{\"@type\":\"WebPage\",\"@id\":\"https:\\\/\\\/hierostrasbourg.com\\\/index.php\\\/2021\\\/11\\\/15\\\/port-du-masque-cinemas-concerts-grand-flou-et-relachement-general-dans-les-lieux-culturels\\\/\",\"url\":\"https:\\\/\\\/hierostrasbourg.com\\\/index.php\\\/2021\\\/11\\\/15\\\/port-du-masque-cinemas-concerts-grand-flou-et-relachement-general-dans-les-lieux-culturels\\\/\",\"name\":\"Port du masque : cin\u00e9mas, concerts\u2026 grand flou et rel\u00e2chement g\u00e9n\u00e9ral dans les lieux culturels - HIERO STRASBOURG\",\"isPartOf\":{\"@id\":\"https:\\\/\\\/hierostrasbourg.com\\\/#website\"},\"datePublished\":\"2021-11-14T23:21:19+00:00\",\"breadcrumb\":{\"@id\":\"https:\\\/\\\/hierostrasbourg.com\\\/index.php\\\/2021\\\/11\\\/15\\\/port-du-masque-cinemas-concerts-grand-flou-et-relachement-general-dans-les-lieux-culturels\\\/#breadcrumb\"},\"inLanguage\":\"fr-FR\",\"potentialAction\":[{\"@type\":\"ReadAction\",\"target\":[\"https:\\\/\\\/hierostrasbourg.com\\\/index.php\\\/2021\\\/11\\\/15\\\/port-du-masque-cinemas-concerts-grand-flou-et-relachement-general-dans-les-lieux-culturels\\\/\"]}]},{\"@type\":\"BreadcrumbList\",\"@id\":\"https:\\\/\\\/hierostrasbourg.com\\\/index.php\\\/2021\\\/11\\\/15\\\/port-du-masque-cinemas-concerts-grand-flou-et-relachement-general-dans-les-lieux-culturels\\\/#breadcrumb\",\"itemListElement\":[{\"@type\":\"ListItem\",\"position\":1,\"name\":\"Accueil\",\"item\":\"https:\\\/\\\/hierostrasbourg.com\\\/\"},{\"@type\":\"ListItem\",\"position\":2,\"name\":\"Port du masque : cin\u00e9mas, concerts\u2026 grand flou et rel\u00e2chement g\u00e9n\u00e9ral dans les lieux culturels\"}]},{\"@type\":\"WebSite\",\"@id\":\"https:\\\/\\\/hierostrasbourg.com\\\/#website\",\"url\":\"https:\\\/\\\/hierostrasbourg.com\\\/\",\"name\":\"HIERO STRASBOURG\",\"description\":\"Centre de Ressources Musiques Actuelles\",\"publisher\":{\"@id\":\"https:\\\/\\\/hierostrasbourg.com\\\/#organization\"},\"potentialAction\":[{\"@type\":\"SearchAction\",\"target\":{\"@type\":\"EntryPoint\",\"urlTemplate\":\"https:\\\/\\\/hierostrasbourg.com\\\/?s={search_term_string}\"},\"query-input\":{\"@type\":\"PropertyValueSpecification\",\"valueRequired\":true,\"valueName\":\"search_term_string\"}}],\"inLanguage\":\"fr-FR\"},{\"@type\":\"Organization\",\"@id\":\"https:\\\/\\\/hierostrasbourg.com\\\/#organization\",\"name\":\"F\u00e9d\u00e9ration Hi\u00e9ro Strasbourg\",\"url\":\"https:\\\/\\\/hierostrasbourg.com\\\/\",\"logo\":{\"@type\":\"ImageObject\",\"inLanguage\":\"fr-FR\",\"@id\":\"https:\\\/\\\/hierostrasbourg.com\\\/#\\\/schema\\\/logo\\\/image\\\/\",\"url\":\"https:\\\/\\\/hierostrasbourg.com\\\/wp-content\\\/uploads\\\/2026\\\/04\\\/logo-hiero-strasbourg.jpg\",\"contentUrl\":\"https:\\\/\\\/hierostrasbourg.com\\\/wp-content\\\/uploads\\\/2026\\\/04\\\/logo-hiero-strasbourg.jpg\",\"width\":204,\"height\":192,\"caption\":\"F\u00e9d\u00e9ration Hi\u00e9ro Strasbourg\"},\"image\":{\"@id\":\"https:\\\/\\\/hierostrasbourg.com\\\/#\\\/schema\\\/logo\\\/image\\\/\"},\"sameAs\":[\"https:\\\/\\\/www.facebook.com\\\/fedehierostrasbourg\",\"https:\\\/\\\/x.com\\\/hierostrasbourg\"]}]}<\/script>\n<!-- \/ Yoast SEO plugin. -->","yoast_head_json":{"title":"Port du masque : cin\u00e9mas, concerts\u2026 grand flou et rel\u00e2chement g\u00e9n\u00e9ral dans les lieux culturels - HIERO STRASBOURG","robots":{"index":"index","follow":"follow","max-snippet":"max-snippet:-1","max-image-preview":"max-image-preview:large","max-video-preview":"max-video-preview:-1"},"canonical":"https:\/\/hierostrasbourg.com\/index.php\/2021\/11\/15\/port-du-masque-cinemas-concerts-grand-flou-et-relachement-general-dans-les-lieux-culturels\/","og_locale":"fr_FR","og_type":"article","og_title":"Port du masque : cin\u00e9mas, concerts\u2026 grand flou et rel\u00e2chement g\u00e9n\u00e9ral dans les lieux culturels - HIERO STRASBOURG","og_description":"Le gouvernement supprime les jauges diff\u00e9renci\u00e9es dans les salles de spectacles mais renforce l\u2019incitation \u00e0 porter le masque, comme nous le confirme Roselyne Bachelot, la ministre de la Culture. La r\u00e9alit\u00e9 reste cependant tr\u00e8s floue. Source \/ Lire la suite : Port du masque : cin\u00e9mas, concerts\u2026 grand flou et rel\u00e2chement g\u00e9n\u00e9ral dans les lieux culturels L\u2019article Port du masque : cin\u00e9mas, concerts\u2026 grand flou et rel\u00e2chement g\u00e9n\u00e9ral dans les lieux culturels est apparu en premier sur POP B\u00dcRO.","og_url":"https:\/\/hierostrasbourg.com\/index.php\/2021\/11\/15\/port-du-masque-cinemas-concerts-grand-flou-et-relachement-general-dans-les-lieux-culturels\/","og_site_name":"HIERO STRASBOURG","article_publisher":"https:\/\/www.facebook.com\/fedehierostrasbourg","article_published_time":"2021-11-14T23:21:19+00:00","twitter_card":"summary_large_image","twitter_creator":"@hierostrasbourg","twitter_site":"@hierostrasbourg","schema":{"@context":"https:\/\/schema.org","@graph":[{"@type":"Article","@id":"https:\/\/hierostrasbourg.com\/index.php\/2021\/11\/15\/port-du-masque-cinemas-concerts-grand-flou-et-relachement-general-dans-les-lieux-culturels\/#article","isPartOf":{"@id":"https:\/\/hierostrasbourg.com\/index.php\/2021\/11\/15\/port-du-masque-cinemas-concerts-grand-flou-et-relachement-general-dans-les-lieux-culturels\/"},"author":{"name":"","@id":""},"headline":"Port du masque : cin\u00e9mas, concerts\u2026 grand flou et rel\u00e2chement g\u00e9n\u00e9ral dans les lieux culturels","datePublished":"2021-11-14T23:21:19+00:00","mainEntityOfPage":{"@id":"https:\/\/hierostrasbourg.com\/index.php\/2021\/11\/15\/port-du-masque-cinemas-concerts-grand-flou-et-relachement-general-dans-les-lieux-culturels\/"},"wordCount":107,"publisher":{"@id":"https:\/\/hierostrasbourg.com\/#organization"},"inLanguage":"fr-FR"},{"@type":"WebPage","@id":"https:\/\/hierostrasbourg.com\/index.php\/2021\/11\/15\/port-du-masque-cinemas-concerts-grand-flou-et-relachement-general-dans-les-lieux-culturels\/","url":"https:\/\/hierostrasbourg.com\/index.php\/2021\/11\/15\/port-du-masque-cinemas-concerts-grand-flou-et-relachement-general-dans-les-lieux-culturels\/","name":"Port du masque : cin\u00e9mas, concerts\u2026 grand flou et rel\u00e2chement g\u00e9n\u00e9ral dans les lieux culturels - HIERO STRASBOURG","isPartOf":{"@id":"https:\/\/hierostrasbourg.com\/#website"},"datePublished":"2021-11-14T23:21:19+00:00","breadcrumb":{"@id":"https:\/\/hierostrasbourg.com\/index.php\/2021\/11\/15\/port-du-masque-cinemas-concerts-grand-flou-et-relachement-general-dans-les-lieux-culturels\/#breadcrumb"},"inLanguage":"fr-FR","potentialAction":[{"@type":"ReadAction","target":["https:\/\/hierostrasbourg.com\/index.php\/2021\/11\/15\/port-du-masque-cinemas-concerts-grand-flou-et-relachement-general-dans-les-lieux-culturels\/"]}]},{"@type":"BreadcrumbList","@id":"https:\/\/hierostrasbourg.com\/index.php\/2021\/11\/15\/port-du-masque-cinemas-concerts-grand-flou-et-relachement-general-dans-les-lieux-culturels\/#breadcrumb","itemListElement":[{"@type":"ListItem","position":1,"name":"Accueil","item":"https:\/\/hierostrasbourg.com\/"},{"@type":"ListItem","position":2,"name":"Port du masque : cin\u00e9mas, concerts\u2026 grand flou et rel\u00e2chement g\u00e9n\u00e9ral dans les lieux culturels"}]},{"@type":"WebSite","@id":"https:\/\/hierostrasbourg.com\/#website","url":"https:\/\/hierostrasbourg.com\/","name":"HIERO STRASBOURG","description":"Centre de Ressources Musiques Actuelles","publisher":{"@id":"https:\/\/hierostrasbourg.com\/#organization"},"potentialAction":[{"@type":"SearchAction","target":{"@type":"EntryPoint","urlTemplate":"https:\/\/hierostrasbourg.com\/?s={search_term_string}"},"query-input":{"@type":"PropertyValueSpecification","valueRequired":true,"valueName":"search_term_string"}}],"inLanguage":"fr-FR"},{"@type":"Organization","@id":"https:\/\/hierostrasbourg.com\/#organization","name":"F\u00e9d\u00e9ration Hi\u00e9ro Strasbourg","url":"https:\/\/hierostrasbourg.com\/","logo":{"@type":"ImageObject","inLanguage":"fr-FR","@id":"https:\/\/hierostrasbourg.com\/#\/schema\/logo\/image\/","url":"https:\/\/hierostrasbourg.com\/wp-content\/uploads\/2026\/04\/logo-hiero-strasbourg.jpg","contentUrl":"https:\/\/hierostrasbourg.com\/wp-content\/uploads\/2026\/04\/logo-hiero-strasbourg.jpg","width":204,"height":192,"caption":"F\u00e9d\u00e9ration Hi\u00e9ro Strasbourg"},"image":{"@id":"https:\/\/hierostrasbourg.com\/#\/schema\/logo\/image\/"},"sameAs":["https:\/\/www.facebook.com\/fedehierostrasbourg","https:\/\/x.com\/hierostrasbourg"]}]}},"_links":{"self":[{"href":"https:\/\/hierostrasbourg.com\/index.php\/wp-json\/wp\/v2\/posts\/1169","targetHints":{"allow":["GET"]}}],"collection":[{"href":"https:\/\/hierostrasbourg.com\/index.php\/wp-json\/wp\/v2\/posts"}],"about":[{"href":"https:\/\/hierostrasbourg.com\/index.php\/wp-json\/wp\/v2\/types\/post"}],"replies":[{"embeddable":true,"href":"https:\/\/hierostrasbourg.com\/index.php\/wp-json\/wp\/v2\/comments?post=1169"}],"version-history":[{"count":0,"href":"https:\/\/hierostrasbourg.com\/index.php\/wp-json\/wp\/v2\/posts\/1169\/revisions"}],"wp:attachment":[{"href":"https:\/\/hierostrasbourg.com\/index.php\/wp-json\/wp\/v2\/media?parent=1169"}],"wp:term":[{"taxonomy":"category","embeddable":true,"href":"https:\/\/hierostrasbourg.com\/index.php\/wp-json\/wp\/v2\/categories?post=1169"},{"taxonomy":"post_tag","embeddable":true,"href":"https:\/\/hierostrasbourg.com\/index.php\/wp-json\/wp\/v2\/tags?post=1169"}],"curies":[{"name":"wp","href":"https:\/\/api.w.org\/{rel}","templated":true}]}}