{"id":1157,"date":"2021-11-10T19:19:03","date_gmt":"2021-11-10T18:19:03","guid":{"rendered":"https:\/\/hierostrasbourg.com\/index.php\/2021\/11\/10\/la-ville-de-colmar-recrute-un-directeur-pour-le-theatre-municipal-f-h\/"},"modified":"2021-11-10T19:19:03","modified_gmt":"2021-11-10T18:19:03","slug":"la-ville-de-colmar-recrute-un-directeur-pour-le-theatre-municipal-f-h","status":"publish","type":"post","link":"https:\/\/hierostrasbourg.com\/index.php\/2021\/11\/10\/la-ville-de-colmar-recrute-un-directeur-pour-le-theatre-municipal-f-h\/","title":{"rendered":"La VILLE DE COLMAR recrute un directeur pour le Th\u00e9\u00e2tre Municipal [F\/H]"},"content":{"rendered":"<p>Riche d\u2019un patrimoine exceptionnellement pr\u00e9serv\u00e9 et de nombreux \u00e9tablissements culturels et artistiques, la Ville de Colmar m\u00e8ne depuis plusieurs d\u00e9cennies une politique ambitieuse en faveur de la culture, levier essentiel de son d\u00e9veloppement et de sa qualit\u00e9 de vie.<\/p>\n<p>Implant\u00e9 au c\u0153ur du centre-ville, \u00e0 proximit\u00e9 du Mus\u00e9e Unterlinden et dot\u00e9 d\u2019une architecture \u00e0 l\u2019italienne, le Th\u00e9\u00e2tre municipal, inaugur\u00e9 en 1849, est le plus ancien th\u00e9\u00e2tre construit en Haute Alsace. Dot\u00e9 d\u2019une capacit\u00e9 de 550 places, il propose chaque ann\u00e9e plus de 100 repr\u00e9sentations et rassemble environ 32 000 spectateurs.<br \/>\nSa programmation artistique pluridisciplinaire et interg\u00e9n\u00e9rationnelle s\u2019adresse \u00e0 tous les publics et \u00e0 toutes les sensibilit\u00e9s.<br \/>\nIl accueille \u00e9galement certaines productions de l\u2019Op\u00e9ra National du Rhin, du Ballet du Rhin, de la Com\u00e9die de Colmar et des spectacles propos\u00e9es par des associations colmariennes.<\/p>\n<h2>Missions<\/h2>\n<p>Sous l\u2019autorit\u00e9 de la Directrice de la Culture, en coh\u00e9rence avec la politique culturelle de la collectivit\u00e9, vous serez charg\u00e9 de la d\u00e9finition et de la mise en \u0153uvre du projet d\u2019\u00e9tablissement incluant la direction artistique, administrative et financi\u00e8re, la politique d\u2019action culturelle et d\u2019accessibilit\u00e9, au Th\u00e9\u00e2tre municipal et dans les lieux et \u00e9v\u00e8nements rattach\u00e9s le cas \u00e9ch\u00e9ant.<\/p>\n<p>A ce titre, vous concevrez un programme de saison visant un large public et int\u00e9grant l\u2019ensemble des disciplines artistiques (th\u00e9\u00e2tre, cirque, chanson, com\u00e9die, danse) dans une logique de service public et en compl\u00e9mentarit\u00e9 avec l\u2019offre existante. Vous d\u00e9velopperez \u00e9galement les partenariats avec les acteurs culturels locaux et les temps forts de la vie colmarienne et vous valorisez la programmation par des actions de promotion et de communication. En lien avec l\u2019\u00e9quipe administrative, vous piloterez la gestion administrative et financi\u00e8re du service et serez, avec le responsable technique, le r\u00e9f\u00e9rent de la s\u00e9curit\u00e9 du site et des spectacles.<\/p>\n<h2>Profils recherch\u00e9s<\/h2>\n<p>Issu(e) d\u2019une formation sup\u00e9rieure (Master) dans le domaine de la gestion de projets culturels, des arts et des spectacles, vous justifiez d\u2019une exp\u00e9rience significative au sein d\u2019un \u00e9tablissement culturel similaire. Vous faites preuve d\u2019une tr\u00e8s bonne culture g\u00e9n\u00e9rale, d\u2019excellentes capacit\u00e9s r\u00e9dactionnelles et relationnelles, d\u2019un esprit de synth\u00e8se et d\u2019une<br \/>\nbonne connaissance des sc\u00e8nes culturelles contemporaines et de leurs enjeux.<br \/>\nDisponibilit\u00e9 le soir et le week-end, selon les exigences de la programmation.<br \/>\nD\u00e9placements sur professionnels sur l\u2019ensemble du territoire.<\/p>\n<p>Cadre d\u2019emploi des attach\u00e9s territoriaux. Recrutement statutaire ou, \u00e0 d\u00e9faut, contractuel<br \/>\nPoste \u00e0 pourvoir au plus t\u00f4t.<\/p>\n<p>R\u00e9mun\u00e9ration : statutaire + r\u00e9gime indemnitaire + prime de fin d\u2019ann\u00e9e + tickets restaurant<\/p>\n<p>Temps de travail : Complet, 35h00 hebdomadaire<br \/>\nPoste \u00e0 pourvoir le 01\/01\/2022<br \/>\nDate limite de candidature 10\/12\/2021<\/p>\n<p>COMMUNE DE COLMAR<br \/>\n1 place de la mairie \u2013 bp 50528<br \/>\n68021 Colmar<\/p>\n<p>Candidatures \u00e0 adresser sur la plateforme : <a href=\"https:\/\/eservices.portail.colmar.fr\/\">Colmar &amp; Moi<\/a><\/p>\n<p>L\u2019article <a href=\"https:\/\/popburo.fr\/la-ville-de-colmar-recrute-un-directeur-pour-le-theatre-municipal-f-h\/\">La VILLE DE COLMAR recrute un directeur pour le Th\u00e9\u00e2tre Municipal [F\/H]<\/a> est apparu en premier sur <a href=\"https:\/\/popburo.fr\/\">POP B\u00dcRO<\/a>.<\/p>\n","protected":false},"excerpt":{"rendered":"<p>Riche d\u2019un patrimoine exceptionnellement pr\u00e9serv\u00e9 et de nombreux \u00e9tablissements culturels et artistiques, la Ville de Colmar m\u00e8ne depuis plusieurs d\u00e9cennies une politique ambitieuse en faveur de la culture, levier essentiel de son d\u00e9veloppement et de sa qualit\u00e9 de vie. Implant\u00e9 au c\u0153ur du centre-ville, \u00e0 proximit\u00e9 du Mus\u00e9e Unterlinden et dot\u00e9 d\u2019une architecture \u00e0 l\u2019italienne, le Th\u00e9\u00e2tre municipal, inaugur\u00e9 en 1849, est le plus ancien th\u00e9\u00e2tre construit en Haute Alsace. Dot\u00e9 d\u2019une capacit\u00e9 de 550 places, il propose chaque ann\u00e9e [&hellip;]<\/p>\n","protected":false},"author":0,"featured_media":0,"comment_status":"closed","ping_status":"open","sticky":false,"template":"","format":"standard","meta":{"footnotes":""},"categories":[1],"tags":[],"class_list":["post-1157","post","type-post","status-publish","format-standard","hentry","category-non-classe"],"yoast_head":"<!-- This site is optimized with the Yoast SEO plugin v27.5 - https:\/\/yoast.com\/product\/yoast-seo-wordpress\/ -->\n<title>La VILLE DE COLMAR recrute un directeur pour le Th\u00e9\u00e2tre Municipal [F\/H] - HIERO STRASBOURG<\/title>\n<meta name=\"robots\" content=\"index, follow, max-snippet:-1, max-image-preview:large, max-video-preview:-1\" \/>\n<link rel=\"canonical\" href=\"https:\/\/hierostrasbourg.com\/index.php\/2021\/11\/10\/la-ville-de-colmar-recrute-un-directeur-pour-le-theatre-municipal-f-h\/\" \/>\n<meta property=\"og:locale\" content=\"fr_FR\" \/>\n<meta property=\"og:type\" content=\"article\" \/>\n<meta property=\"og:title\" content=\"La VILLE DE COLMAR recrute un directeur pour le Th\u00e9\u00e2tre Municipal [F\/H] - HIERO STRASBOURG\" \/>\n<meta property=\"og:description\" content=\"Riche d\u2019un patrimoine exceptionnellement pr\u00e9serv\u00e9 et de nombreux \u00e9tablissements culturels et artistiques, la Ville de Colmar m\u00e8ne depuis plusieurs d\u00e9cennies une politique ambitieuse en faveur de la culture, levier essentiel de son d\u00e9veloppement et de sa qualit\u00e9 de vie. Implant\u00e9 au c\u0153ur du centre-ville, \u00e0 proximit\u00e9 du Mus\u00e9e Unterlinden et dot\u00e9 d\u2019une architecture \u00e0 l\u2019italienne, le Th\u00e9\u00e2tre municipal, inaugur\u00e9 en 1849, est le plus ancien th\u00e9\u00e2tre construit en Haute Alsace. Dot\u00e9 d\u2019une capacit\u00e9 de 550 places, il propose chaque ann\u00e9e [&hellip;]\" \/>\n<meta property=\"og:url\" content=\"https:\/\/hierostrasbourg.com\/index.php\/2021\/11\/10\/la-ville-de-colmar-recrute-un-directeur-pour-le-theatre-municipal-f-h\/\" \/>\n<meta property=\"og:site_name\" content=\"HIERO STRASBOURG\" \/>\n<meta property=\"article:publisher\" content=\"https:\/\/www.facebook.com\/fedehierostrasbourg\" \/>\n<meta property=\"article:published_time\" content=\"2021-11-10T18:19:03+00:00\" \/>\n<meta name=\"twitter:card\" content=\"summary_large_image\" \/>\n<meta name=\"twitter:creator\" content=\"@hierostrasbourg\" \/>\n<meta name=\"twitter:site\" content=\"@hierostrasbourg\" \/>\n<meta name=\"twitter:label1\" content=\"Dur\u00e9e de lecture estim\u00e9e\" \/>\n\t<meta name=\"twitter:data1\" content=\"3 minutes\" \/>\n<script type=\"application\/ld+json\" class=\"yoast-schema-graph\">{\"@context\":\"https:\\\/\\\/schema.org\",\"@graph\":[{\"@type\":\"Article\",\"@id\":\"https:\\\/\\\/hierostrasbourg.com\\\/index.php\\\/2021\\\/11\\\/10\\\/la-ville-de-colmar-recrute-un-directeur-pour-le-theatre-municipal-f-h\\\/#article\",\"isPartOf\":{\"@id\":\"https:\\\/\\\/hierostrasbourg.com\\\/index.php\\\/2021\\\/11\\\/10\\\/la-ville-de-colmar-recrute-un-directeur-pour-le-theatre-municipal-f-h\\\/\"},\"author\":{\"name\":\"\",\"@id\":\"\"},\"headline\":\"La VILLE DE COLMAR recrute un directeur pour le Th\u00e9\u00e2tre Municipal [F\\\/H]\",\"datePublished\":\"2021-11-10T18:19:03+00:00\",\"mainEntityOfPage\":{\"@id\":\"https:\\\/\\\/hierostrasbourg.com\\\/index.php\\\/2021\\\/11\\\/10\\\/la-ville-de-colmar-recrute-un-directeur-pour-le-theatre-municipal-f-h\\\/\"},\"wordCount\":527,\"publisher\":{\"@id\":\"https:\\\/\\\/hierostrasbourg.com\\\/#organization\"},\"inLanguage\":\"fr-FR\"},{\"@type\":\"WebPage\",\"@id\":\"https:\\\/\\\/hierostrasbourg.com\\\/index.php\\\/2021\\\/11\\\/10\\\/la-ville-de-colmar-recrute-un-directeur-pour-le-theatre-municipal-f-h\\\/\",\"url\":\"https:\\\/\\\/hierostrasbourg.com\\\/index.php\\\/2021\\\/11\\\/10\\\/la-ville-de-colmar-recrute-un-directeur-pour-le-theatre-municipal-f-h\\\/\",\"name\":\"La VILLE DE COLMAR recrute un directeur pour le Th\u00e9\u00e2tre Municipal [F\\\/H] - HIERO STRASBOURG\",\"isPartOf\":{\"@id\":\"https:\\\/\\\/hierostrasbourg.com\\\/#website\"},\"datePublished\":\"2021-11-10T18:19:03+00:00\",\"breadcrumb\":{\"@id\":\"https:\\\/\\\/hierostrasbourg.com\\\/index.php\\\/2021\\\/11\\\/10\\\/la-ville-de-colmar-recrute-un-directeur-pour-le-theatre-municipal-f-h\\\/#breadcrumb\"},\"inLanguage\":\"fr-FR\",\"potentialAction\":[{\"@type\":\"ReadAction\",\"target\":[\"https:\\\/\\\/hierostrasbourg.com\\\/index.php\\\/2021\\\/11\\\/10\\\/la-ville-de-colmar-recrute-un-directeur-pour-le-theatre-municipal-f-h\\\/\"]}]},{\"@type\":\"BreadcrumbList\",\"@id\":\"https:\\\/\\\/hierostrasbourg.com\\\/index.php\\\/2021\\\/11\\\/10\\\/la-ville-de-colmar-recrute-un-directeur-pour-le-theatre-municipal-f-h\\\/#breadcrumb\",\"itemListElement\":[{\"@type\":\"ListItem\",\"position\":1,\"name\":\"Accueil\",\"item\":\"https:\\\/\\\/hierostrasbourg.com\\\/\"},{\"@type\":\"ListItem\",\"position\":2,\"name\":\"La VILLE DE COLMAR recrute un directeur pour le Th\u00e9\u00e2tre Municipal [F\\\/H]\"}]},{\"@type\":\"WebSite\",\"@id\":\"https:\\\/\\\/hierostrasbourg.com\\\/#website\",\"url\":\"https:\\\/\\\/hierostrasbourg.com\\\/\",\"name\":\"HIERO STRASBOURG\",\"description\":\"Centre de Ressources Musiques Actuelles\",\"publisher\":{\"@id\":\"https:\\\/\\\/hierostrasbourg.com\\\/#organization\"},\"potentialAction\":[{\"@type\":\"SearchAction\",\"target\":{\"@type\":\"EntryPoint\",\"urlTemplate\":\"https:\\\/\\\/hierostrasbourg.com\\\/?s={search_term_string}\"},\"query-input\":{\"@type\":\"PropertyValueSpecification\",\"valueRequired\":true,\"valueName\":\"search_term_string\"}}],\"inLanguage\":\"fr-FR\"},{\"@type\":\"Organization\",\"@id\":\"https:\\\/\\\/hierostrasbourg.com\\\/#organization\",\"name\":\"F\u00e9d\u00e9ration Hi\u00e9ro Strasbourg\",\"url\":\"https:\\\/\\\/hierostrasbourg.com\\\/\",\"logo\":{\"@type\":\"ImageObject\",\"inLanguage\":\"fr-FR\",\"@id\":\"https:\\\/\\\/hierostrasbourg.com\\\/#\\\/schema\\\/logo\\\/image\\\/\",\"url\":\"https:\\\/\\\/hierostrasbourg.com\\\/wp-content\\\/uploads\\\/2026\\\/04\\\/logo-hiero-strasbourg.jpg\",\"contentUrl\":\"https:\\\/\\\/hierostrasbourg.com\\\/wp-content\\\/uploads\\\/2026\\\/04\\\/logo-hiero-strasbourg.jpg\",\"width\":204,\"height\":192,\"caption\":\"F\u00e9d\u00e9ration Hi\u00e9ro Strasbourg\"},\"image\":{\"@id\":\"https:\\\/\\\/hierostrasbourg.com\\\/#\\\/schema\\\/logo\\\/image\\\/\"},\"sameAs\":[\"https:\\\/\\\/www.facebook.com\\\/fedehierostrasbourg\",\"https:\\\/\\\/x.com\\\/hierostrasbourg\"]}]}<\/script>\n<!-- \/ Yoast SEO plugin. -->","yoast_head_json":{"title":"La VILLE DE COLMAR recrute un directeur pour le Th\u00e9\u00e2tre Municipal [F\/H] - HIERO STRASBOURG","robots":{"index":"index","follow":"follow","max-snippet":"max-snippet:-1","max-image-preview":"max-image-preview:large","max-video-preview":"max-video-preview:-1"},"canonical":"https:\/\/hierostrasbourg.com\/index.php\/2021\/11\/10\/la-ville-de-colmar-recrute-un-directeur-pour-le-theatre-municipal-f-h\/","og_locale":"fr_FR","og_type":"article","og_title":"La VILLE DE COLMAR recrute un directeur pour le Th\u00e9\u00e2tre Municipal [F\/H] - HIERO STRASBOURG","og_description":"Riche d\u2019un patrimoine exceptionnellement pr\u00e9serv\u00e9 et de nombreux \u00e9tablissements culturels et artistiques, la Ville de Colmar m\u00e8ne depuis plusieurs d\u00e9cennies une politique ambitieuse en faveur de la culture, levier essentiel de son d\u00e9veloppement et de sa qualit\u00e9 de vie. Implant\u00e9 au c\u0153ur du centre-ville, \u00e0 proximit\u00e9 du Mus\u00e9e Unterlinden et dot\u00e9 d\u2019une architecture \u00e0 l\u2019italienne, le Th\u00e9\u00e2tre municipal, inaugur\u00e9 en 1849, est le plus ancien th\u00e9\u00e2tre construit en Haute Alsace. Dot\u00e9 d\u2019une capacit\u00e9 de 550 places, il propose chaque ann\u00e9e [&hellip;]","og_url":"https:\/\/hierostrasbourg.com\/index.php\/2021\/11\/10\/la-ville-de-colmar-recrute-un-directeur-pour-le-theatre-municipal-f-h\/","og_site_name":"HIERO STRASBOURG","article_publisher":"https:\/\/www.facebook.com\/fedehierostrasbourg","article_published_time":"2021-11-10T18:19:03+00:00","twitter_card":"summary_large_image","twitter_creator":"@hierostrasbourg","twitter_site":"@hierostrasbourg","twitter_misc":{"Dur\u00e9e de lecture estim\u00e9e":"3 minutes"},"schema":{"@context":"https:\/\/schema.org","@graph":[{"@type":"Article","@id":"https:\/\/hierostrasbourg.com\/index.php\/2021\/11\/10\/la-ville-de-colmar-recrute-un-directeur-pour-le-theatre-municipal-f-h\/#article","isPartOf":{"@id":"https:\/\/hierostrasbourg.com\/index.php\/2021\/11\/10\/la-ville-de-colmar-recrute-un-directeur-pour-le-theatre-municipal-f-h\/"},"author":{"name":"","@id":""},"headline":"La VILLE DE COLMAR recrute un directeur pour le Th\u00e9\u00e2tre Municipal [F\/H]","datePublished":"2021-11-10T18:19:03+00:00","mainEntityOfPage":{"@id":"https:\/\/hierostrasbourg.com\/index.php\/2021\/11\/10\/la-ville-de-colmar-recrute-un-directeur-pour-le-theatre-municipal-f-h\/"},"wordCount":527,"publisher":{"@id":"https:\/\/hierostrasbourg.com\/#organization"},"inLanguage":"fr-FR"},{"@type":"WebPage","@id":"https:\/\/hierostrasbourg.com\/index.php\/2021\/11\/10\/la-ville-de-colmar-recrute-un-directeur-pour-le-theatre-municipal-f-h\/","url":"https:\/\/hierostrasbourg.com\/index.php\/2021\/11\/10\/la-ville-de-colmar-recrute-un-directeur-pour-le-theatre-municipal-f-h\/","name":"La VILLE DE COLMAR recrute un directeur pour le Th\u00e9\u00e2tre Municipal [F\/H] - HIERO STRASBOURG","isPartOf":{"@id":"https:\/\/hierostrasbourg.com\/#website"},"datePublished":"2021-11-10T18:19:03+00:00","breadcrumb":{"@id":"https:\/\/hierostrasbourg.com\/index.php\/2021\/11\/10\/la-ville-de-colmar-recrute-un-directeur-pour-le-theatre-municipal-f-h\/#breadcrumb"},"inLanguage":"fr-FR","potentialAction":[{"@type":"ReadAction","target":["https:\/\/hierostrasbourg.com\/index.php\/2021\/11\/10\/la-ville-de-colmar-recrute-un-directeur-pour-le-theatre-municipal-f-h\/"]}]},{"@type":"BreadcrumbList","@id":"https:\/\/hierostrasbourg.com\/index.php\/2021\/11\/10\/la-ville-de-colmar-recrute-un-directeur-pour-le-theatre-municipal-f-h\/#breadcrumb","itemListElement":[{"@type":"ListItem","position":1,"name":"Accueil","item":"https:\/\/hierostrasbourg.com\/"},{"@type":"ListItem","position":2,"name":"La VILLE DE COLMAR recrute un directeur pour le Th\u00e9\u00e2tre Municipal [F\/H]"}]},{"@type":"WebSite","@id":"https:\/\/hierostrasbourg.com\/#website","url":"https:\/\/hierostrasbourg.com\/","name":"HIERO STRASBOURG","description":"Centre de Ressources Musiques Actuelles","publisher":{"@id":"https:\/\/hierostrasbourg.com\/#organization"},"potentialAction":[{"@type":"SearchAction","target":{"@type":"EntryPoint","urlTemplate":"https:\/\/hierostrasbourg.com\/?s={search_term_string}"},"query-input":{"@type":"PropertyValueSpecification","valueRequired":true,"valueName":"search_term_string"}}],"inLanguage":"fr-FR"},{"@type":"Organization","@id":"https:\/\/hierostrasbourg.com\/#organization","name":"F\u00e9d\u00e9ration Hi\u00e9ro Strasbourg","url":"https:\/\/hierostrasbourg.com\/","logo":{"@type":"ImageObject","inLanguage":"fr-FR","@id":"https:\/\/hierostrasbourg.com\/#\/schema\/logo\/image\/","url":"https:\/\/hierostrasbourg.com\/wp-content\/uploads\/2026\/04\/logo-hiero-strasbourg.jpg","contentUrl":"https:\/\/hierostrasbourg.com\/wp-content\/uploads\/2026\/04\/logo-hiero-strasbourg.jpg","width":204,"height":192,"caption":"F\u00e9d\u00e9ration Hi\u00e9ro Strasbourg"},"image":{"@id":"https:\/\/hierostrasbourg.com\/#\/schema\/logo\/image\/"},"sameAs":["https:\/\/www.facebook.com\/fedehierostrasbourg","https:\/\/x.com\/hierostrasbourg"]}]}},"_links":{"self":[{"href":"https:\/\/hierostrasbourg.com\/index.php\/wp-json\/wp\/v2\/posts\/1157","targetHints":{"allow":["GET"]}}],"collection":[{"href":"https:\/\/hierostrasbourg.com\/index.php\/wp-json\/wp\/v2\/posts"}],"about":[{"href":"https:\/\/hierostrasbourg.com\/index.php\/wp-json\/wp\/v2\/types\/post"}],"replies":[{"embeddable":true,"href":"https:\/\/hierostrasbourg.com\/index.php\/wp-json\/wp\/v2\/comments?post=1157"}],"version-history":[{"count":0,"href":"https:\/\/hierostrasbourg.com\/index.php\/wp-json\/wp\/v2\/posts\/1157\/revisions"}],"wp:attachment":[{"href":"https:\/\/hierostrasbourg.com\/index.php\/wp-json\/wp\/v2\/media?parent=1157"}],"wp:term":[{"taxonomy":"category","embeddable":true,"href":"https:\/\/hierostrasbourg.com\/index.php\/wp-json\/wp\/v2\/categories?post=1157"},{"taxonomy":"post_tag","embeddable":true,"href":"https:\/\/hierostrasbourg.com\/index.php\/wp-json\/wp\/v2\/tags?post=1157"}],"curies":[{"name":"wp","href":"https:\/\/api.w.org\/{rel}","templated":true}]}}