{"id":1155,"date":"2021-11-09T21:19:06","date_gmt":"2021-11-09T20:19:06","guid":{"rendered":"https:\/\/hierostrasbourg.com\/index.php\/2021\/11\/09\/politiques-culturelles-intercommunales-etat-des-lieux-et-perspectives\/"},"modified":"2021-11-09T21:19:06","modified_gmt":"2021-11-09T20:19:06","slug":"politiques-culturelles-intercommunales-etat-des-lieux-et-perspectives","status":"publish","type":"post","link":"https:\/\/hierostrasbourg.com\/index.php\/2021\/11\/09\/politiques-culturelles-intercommunales-etat-des-lieux-et-perspectives\/","title":{"rendered":"Politiques culturelles intercommunales : \u00e9tat des lieux et perspectives"},"content":{"rendered":"<p><span>communiqu\u00e9<\/span><\/p>\n<p><em>La crise sanitaire a fortement impact\u00e9 le secteur culturel, tout en mettant en \u00e9vidence le caract\u00e8re essentiel de la culture dans notre vie collective. Elle est un vecteur de coh\u00e9sion sociale et d\u2019attractivit\u00e9 territoriale, un moteur de d\u00e9veloppement \u00e9conomique, mais aussi une source d\u2019\u00e9panouissement et de bien-\u00eatre pour les habitants. \u00c0 ce titre, la longue fermeture des \u00e9quipements et la rar\u00e9faction des manifestations culturelles ont largement \u00e9t\u00e9 ressenties dans les territoires, notamment \u00e0 l\u2019\u00e9chelle intercommunale. Les intercommunalit\u00e9s jouent aujourd\u2019hui un r\u00f4le majeur dans la mise en \u0153uvre des politiques culturelles et sont des acteurs cl\u00e9s pour d\u00e9velopper des dispositifs p\u00e9rennes qui r\u00e9pondent tant \u00e0 des besoins endog\u00e8nes qu\u2019\u00e0 des d\u00e9fis \u00e9conomiques.<\/em><br \/><em>La place des intercommunalit\u00e9s dans l\u2019exercice des politiques culturelles continue de cro\u00eetre tant par la gestion d\u2019\u00e9quipements que par la mise en \u0153uvre d\u2019actions culturelles et le soutien aux acteurs territoriaux. Cette nouvelle publication vise \u00e0 t\u00e9moigner de la maturit\u00e9 de ces collectivit\u00e9s en la mati\u00e8re, mais aussi de l\u2019int\u00e9r\u00eat pour un bassin de vie de faire de ce champ d\u2019action un axe structurant de son projet de territoire.<\/em><br \/><em>La comp\u00e9tence culturelle, devenue une comp\u00e9tence partag\u00e9e, permet aux intercommunalit\u00e9s d\u2019investir le champ culturel et de l\u2019utiliser comme un levier pour r\u00e9pondre aux diff\u00e9rentes probl\u00e9matiques de leur territoire. En outre, la loi portant sur la nouvelle organisation territoriale de la R\u00e9publique du 7 ao\u00fbt 2015 (loi NOTRe) a red\u00e9fini la carte intercommunale et a pouss\u00e9 de nombreux \u00e9lus et agents intercommunaux \u00e0 inventer des dispositifs innovants pour r\u00e9pondre \u00e0 la sp\u00e9cificit\u00e9 de leurs territoires, m\u00e9tropolitains, ruraux ou encore multipolaris\u00e9s.<\/em><br \/><em>L\u2019enqu\u00eate engag\u00e9e en 2020 a eu pour ambition de dresser un \u00e9tat des lieux des politiques culturelles intercommunales et d\u2019analyser leur articulation avec les autres niveaux de collectivit\u00e9s territoriales, notamment au sein du bloc communal.<\/em><\/p>\n<div class=\"ead-preview\">\n<div class=\"ead-document\">\n<div class=\"ead-iframe-wrapper\"><\/div>\n<div class=\"ead-document-loading\">\n<div class=\"ead-loading-wrap\">\n<div class=\"ead-loading-main\">\n<div class=\"ead-loading\">\n\t\t\t\t\t\t\t<span>En cours de chargement\u2026<\/span>\n\t\t\t\t\t\t<\/div>\n<\/p><\/div>\n<div class=\"ead-loading-foot\">\n<div class=\"ead-loading-foot-title\">\n\t\t\t\t\t\t\t<span>Cela prend trop de temps\u00a0?<\/span>\n\t\t\t\t\t\t<\/div>\n<\/p>\n<div class=\"ead-document-btn ead-reload-btn\">\n\t\t\t\t\t\t\t\t Recharger le document\t\t\t\t\t\t\t<\/div>\n<p>\t\t\t\t\t\t\t<span>|<\/span><br \/>\n\t\t\t\t\t\t\t<a href=\"https:\/\/musiquesactuelles.net\/wp-content\/uploads\/2021\/02\/adcf-etude-culture-web.pdf\" class=\"ead-document-btn\"><br \/>\n\t\t\t\t\t\t\t\t Ouvrir dans un nouvel onglet\t\t\t\t\t\t\t<\/a>\n\t\t\t\t\t<\/div>\n<\/p><\/div>\n<\/p><\/div>\n<\/p><\/div>\n<p class=\"embed_download\"><a href=\"https:\/\/musiquesactuelles.net\/wp-content\/uploads\/2021\/02\/adcf-etude-culture-web.pdf\">\ufeffT\u00e9l\u00e9charger <\/a><\/p>\n<\/div>\n<p>\u00a0<\/p>\n<p>L\u2019article <a href=\"https:\/\/popburo.fr\/politiques-culturelles-intercommunales-etat-des-lieux-et-perspectives\/\">Politiques culturelles intercommunales : \u00e9tat des lieux et perspectives<\/a> est apparu en premier sur <a href=\"https:\/\/popburo.fr\/\">POP B\u00dcRO<\/a>.<\/p>\n","protected":false},"excerpt":{"rendered":"<p>communiqu\u00e9 La crise sanitaire a fortement impact\u00e9 le secteur culturel, tout en mettant en \u00e9vidence le caract\u00e8re essentiel de la culture dans notre vie collective. Elle est un vecteur de coh\u00e9sion sociale et d\u2019attractivit\u00e9 territoriale, un moteur de d\u00e9veloppement \u00e9conomique, mais aussi une source d\u2019\u00e9panouissement et de bien-\u00eatre pour les habitants. \u00c0 ce titre, la longue fermeture des \u00e9quipements et la rar\u00e9faction des manifestations culturelles ont largement \u00e9t\u00e9 ressenties dans les territoires, notamment \u00e0 l\u2019\u00e9chelle intercommunale. Les intercommunalit\u00e9s jouent aujourd\u2019hui [&hellip;]<\/p>\n","protected":false},"author":0,"featured_media":0,"comment_status":"closed","ping_status":"open","sticky":false,"template":"","format":"standard","meta":{"footnotes":""},"categories":[1],"tags":[],"class_list":["post-1155","post","type-post","status-publish","format-standard","hentry","category-non-classe"],"yoast_head":"<!-- This site is optimized with the Yoast SEO plugin v27.5 - https:\/\/yoast.com\/product\/yoast-seo-wordpress\/ -->\n<title>Politiques culturelles intercommunales : \u00e9tat des lieux et perspectives - HIERO STRASBOURG<\/title>\n<meta name=\"robots\" content=\"index, follow, max-snippet:-1, max-image-preview:large, max-video-preview:-1\" \/>\n<link rel=\"canonical\" href=\"https:\/\/hierostrasbourg.com\/index.php\/2021\/11\/09\/politiques-culturelles-intercommunales-etat-des-lieux-et-perspectives\/\" \/>\n<meta property=\"og:locale\" content=\"fr_FR\" \/>\n<meta property=\"og:type\" content=\"article\" \/>\n<meta property=\"og:title\" content=\"Politiques culturelles intercommunales : \u00e9tat des lieux et perspectives - HIERO STRASBOURG\" \/>\n<meta property=\"og:description\" content=\"communiqu\u00e9 La crise sanitaire a fortement impact\u00e9 le secteur culturel, tout en mettant en \u00e9vidence le caract\u00e8re essentiel de la culture dans notre vie collective. Elle est un vecteur de coh\u00e9sion sociale et d\u2019attractivit\u00e9 territoriale, un moteur de d\u00e9veloppement \u00e9conomique, mais aussi une source d\u2019\u00e9panouissement et de bien-\u00eatre pour les habitants. \u00c0 ce titre, la longue fermeture des \u00e9quipements et la rar\u00e9faction des manifestations culturelles ont largement \u00e9t\u00e9 ressenties dans les territoires, notamment \u00e0 l\u2019\u00e9chelle intercommunale. Les intercommunalit\u00e9s jouent aujourd\u2019hui [&hellip;]\" \/>\n<meta property=\"og:url\" content=\"https:\/\/hierostrasbourg.com\/index.php\/2021\/11\/09\/politiques-culturelles-intercommunales-etat-des-lieux-et-perspectives\/\" \/>\n<meta property=\"og:site_name\" content=\"HIERO STRASBOURG\" \/>\n<meta property=\"article:publisher\" content=\"https:\/\/www.facebook.com\/fedehierostrasbourg\" \/>\n<meta property=\"article:published_time\" content=\"2021-11-09T20:19:06+00:00\" \/>\n<meta name=\"twitter:card\" content=\"summary_large_image\" \/>\n<meta name=\"twitter:creator\" content=\"@hierostrasbourg\" \/>\n<meta name=\"twitter:site\" content=\"@hierostrasbourg\" \/>\n<meta name=\"twitter:label1\" content=\"Dur\u00e9e de lecture estim\u00e9e\" \/>\n\t<meta name=\"twitter:data1\" content=\"2 minutes\" \/>\n<script type=\"application\/ld+json\" class=\"yoast-schema-graph\">{\"@context\":\"https:\\\/\\\/schema.org\",\"@graph\":[{\"@type\":\"Article\",\"@id\":\"https:\\\/\\\/hierostrasbourg.com\\\/index.php\\\/2021\\\/11\\\/09\\\/politiques-culturelles-intercommunales-etat-des-lieux-et-perspectives\\\/#article\",\"isPartOf\":{\"@id\":\"https:\\\/\\\/hierostrasbourg.com\\\/index.php\\\/2021\\\/11\\\/09\\\/politiques-culturelles-intercommunales-etat-des-lieux-et-perspectives\\\/\"},\"author\":{\"name\":\"\",\"@id\":\"\"},\"headline\":\"Politiques culturelles intercommunales : \u00e9tat des lieux et perspectives\",\"datePublished\":\"2021-11-09T20:19:06+00:00\",\"mainEntityOfPage\":{\"@id\":\"https:\\\/\\\/hierostrasbourg.com\\\/index.php\\\/2021\\\/11\\\/09\\\/politiques-culturelles-intercommunales-etat-des-lieux-et-perspectives\\\/\"},\"wordCount\":382,\"publisher\":{\"@id\":\"https:\\\/\\\/hierostrasbourg.com\\\/#organization\"},\"inLanguage\":\"fr-FR\"},{\"@type\":\"WebPage\",\"@id\":\"https:\\\/\\\/hierostrasbourg.com\\\/index.php\\\/2021\\\/11\\\/09\\\/politiques-culturelles-intercommunales-etat-des-lieux-et-perspectives\\\/\",\"url\":\"https:\\\/\\\/hierostrasbourg.com\\\/index.php\\\/2021\\\/11\\\/09\\\/politiques-culturelles-intercommunales-etat-des-lieux-et-perspectives\\\/\",\"name\":\"Politiques culturelles intercommunales : \u00e9tat des lieux et perspectives - HIERO STRASBOURG\",\"isPartOf\":{\"@id\":\"https:\\\/\\\/hierostrasbourg.com\\\/#website\"},\"datePublished\":\"2021-11-09T20:19:06+00:00\",\"breadcrumb\":{\"@id\":\"https:\\\/\\\/hierostrasbourg.com\\\/index.php\\\/2021\\\/11\\\/09\\\/politiques-culturelles-intercommunales-etat-des-lieux-et-perspectives\\\/#breadcrumb\"},\"inLanguage\":\"fr-FR\",\"potentialAction\":[{\"@type\":\"ReadAction\",\"target\":[\"https:\\\/\\\/hierostrasbourg.com\\\/index.php\\\/2021\\\/11\\\/09\\\/politiques-culturelles-intercommunales-etat-des-lieux-et-perspectives\\\/\"]}]},{\"@type\":\"BreadcrumbList\",\"@id\":\"https:\\\/\\\/hierostrasbourg.com\\\/index.php\\\/2021\\\/11\\\/09\\\/politiques-culturelles-intercommunales-etat-des-lieux-et-perspectives\\\/#breadcrumb\",\"itemListElement\":[{\"@type\":\"ListItem\",\"position\":1,\"name\":\"Accueil\",\"item\":\"https:\\\/\\\/hierostrasbourg.com\\\/\"},{\"@type\":\"ListItem\",\"position\":2,\"name\":\"Politiques culturelles intercommunales : \u00e9tat des lieux et perspectives\"}]},{\"@type\":\"WebSite\",\"@id\":\"https:\\\/\\\/hierostrasbourg.com\\\/#website\",\"url\":\"https:\\\/\\\/hierostrasbourg.com\\\/\",\"name\":\"HIERO STRASBOURG\",\"description\":\"Centre de Ressources Musiques Actuelles\",\"publisher\":{\"@id\":\"https:\\\/\\\/hierostrasbourg.com\\\/#organization\"},\"potentialAction\":[{\"@type\":\"SearchAction\",\"target\":{\"@type\":\"EntryPoint\",\"urlTemplate\":\"https:\\\/\\\/hierostrasbourg.com\\\/?s={search_term_string}\"},\"query-input\":{\"@type\":\"PropertyValueSpecification\",\"valueRequired\":true,\"valueName\":\"search_term_string\"}}],\"inLanguage\":\"fr-FR\"},{\"@type\":\"Organization\",\"@id\":\"https:\\\/\\\/hierostrasbourg.com\\\/#organization\",\"name\":\"F\u00e9d\u00e9ration Hi\u00e9ro Strasbourg\",\"url\":\"https:\\\/\\\/hierostrasbourg.com\\\/\",\"logo\":{\"@type\":\"ImageObject\",\"inLanguage\":\"fr-FR\",\"@id\":\"https:\\\/\\\/hierostrasbourg.com\\\/#\\\/schema\\\/logo\\\/image\\\/\",\"url\":\"https:\\\/\\\/hierostrasbourg.com\\\/wp-content\\\/uploads\\\/2026\\\/04\\\/logo-hiero-strasbourg.jpg\",\"contentUrl\":\"https:\\\/\\\/hierostrasbourg.com\\\/wp-content\\\/uploads\\\/2026\\\/04\\\/logo-hiero-strasbourg.jpg\",\"width\":204,\"height\":192,\"caption\":\"F\u00e9d\u00e9ration Hi\u00e9ro Strasbourg\"},\"image\":{\"@id\":\"https:\\\/\\\/hierostrasbourg.com\\\/#\\\/schema\\\/logo\\\/image\\\/\"},\"sameAs\":[\"https:\\\/\\\/www.facebook.com\\\/fedehierostrasbourg\",\"https:\\\/\\\/x.com\\\/hierostrasbourg\"]}]}<\/script>\n<!-- \/ Yoast SEO plugin. -->","yoast_head_json":{"title":"Politiques culturelles intercommunales : \u00e9tat des lieux et perspectives - HIERO STRASBOURG","robots":{"index":"index","follow":"follow","max-snippet":"max-snippet:-1","max-image-preview":"max-image-preview:large","max-video-preview":"max-video-preview:-1"},"canonical":"https:\/\/hierostrasbourg.com\/index.php\/2021\/11\/09\/politiques-culturelles-intercommunales-etat-des-lieux-et-perspectives\/","og_locale":"fr_FR","og_type":"article","og_title":"Politiques culturelles intercommunales : \u00e9tat des lieux et perspectives - HIERO STRASBOURG","og_description":"communiqu\u00e9 La crise sanitaire a fortement impact\u00e9 le secteur culturel, tout en mettant en \u00e9vidence le caract\u00e8re essentiel de la culture dans notre vie collective. Elle est un vecteur de coh\u00e9sion sociale et d\u2019attractivit\u00e9 territoriale, un moteur de d\u00e9veloppement \u00e9conomique, mais aussi une source d\u2019\u00e9panouissement et de bien-\u00eatre pour les habitants. \u00c0 ce titre, la longue fermeture des \u00e9quipements et la rar\u00e9faction des manifestations culturelles ont largement \u00e9t\u00e9 ressenties dans les territoires, notamment \u00e0 l\u2019\u00e9chelle intercommunale. Les intercommunalit\u00e9s jouent aujourd\u2019hui [&hellip;]","og_url":"https:\/\/hierostrasbourg.com\/index.php\/2021\/11\/09\/politiques-culturelles-intercommunales-etat-des-lieux-et-perspectives\/","og_site_name":"HIERO STRASBOURG","article_publisher":"https:\/\/www.facebook.com\/fedehierostrasbourg","article_published_time":"2021-11-09T20:19:06+00:00","twitter_card":"summary_large_image","twitter_creator":"@hierostrasbourg","twitter_site":"@hierostrasbourg","twitter_misc":{"Dur\u00e9e de lecture estim\u00e9e":"2 minutes"},"schema":{"@context":"https:\/\/schema.org","@graph":[{"@type":"Article","@id":"https:\/\/hierostrasbourg.com\/index.php\/2021\/11\/09\/politiques-culturelles-intercommunales-etat-des-lieux-et-perspectives\/#article","isPartOf":{"@id":"https:\/\/hierostrasbourg.com\/index.php\/2021\/11\/09\/politiques-culturelles-intercommunales-etat-des-lieux-et-perspectives\/"},"author":{"name":"","@id":""},"headline":"Politiques culturelles intercommunales : \u00e9tat des lieux et perspectives","datePublished":"2021-11-09T20:19:06+00:00","mainEntityOfPage":{"@id":"https:\/\/hierostrasbourg.com\/index.php\/2021\/11\/09\/politiques-culturelles-intercommunales-etat-des-lieux-et-perspectives\/"},"wordCount":382,"publisher":{"@id":"https:\/\/hierostrasbourg.com\/#organization"},"inLanguage":"fr-FR"},{"@type":"WebPage","@id":"https:\/\/hierostrasbourg.com\/index.php\/2021\/11\/09\/politiques-culturelles-intercommunales-etat-des-lieux-et-perspectives\/","url":"https:\/\/hierostrasbourg.com\/index.php\/2021\/11\/09\/politiques-culturelles-intercommunales-etat-des-lieux-et-perspectives\/","name":"Politiques culturelles intercommunales : \u00e9tat des lieux et perspectives - HIERO STRASBOURG","isPartOf":{"@id":"https:\/\/hierostrasbourg.com\/#website"},"datePublished":"2021-11-09T20:19:06+00:00","breadcrumb":{"@id":"https:\/\/hierostrasbourg.com\/index.php\/2021\/11\/09\/politiques-culturelles-intercommunales-etat-des-lieux-et-perspectives\/#breadcrumb"},"inLanguage":"fr-FR","potentialAction":[{"@type":"ReadAction","target":["https:\/\/hierostrasbourg.com\/index.php\/2021\/11\/09\/politiques-culturelles-intercommunales-etat-des-lieux-et-perspectives\/"]}]},{"@type":"BreadcrumbList","@id":"https:\/\/hierostrasbourg.com\/index.php\/2021\/11\/09\/politiques-culturelles-intercommunales-etat-des-lieux-et-perspectives\/#breadcrumb","itemListElement":[{"@type":"ListItem","position":1,"name":"Accueil","item":"https:\/\/hierostrasbourg.com\/"},{"@type":"ListItem","position":2,"name":"Politiques culturelles intercommunales : \u00e9tat des lieux et perspectives"}]},{"@type":"WebSite","@id":"https:\/\/hierostrasbourg.com\/#website","url":"https:\/\/hierostrasbourg.com\/","name":"HIERO STRASBOURG","description":"Centre de Ressources Musiques Actuelles","publisher":{"@id":"https:\/\/hierostrasbourg.com\/#organization"},"potentialAction":[{"@type":"SearchAction","target":{"@type":"EntryPoint","urlTemplate":"https:\/\/hierostrasbourg.com\/?s={search_term_string}"},"query-input":{"@type":"PropertyValueSpecification","valueRequired":true,"valueName":"search_term_string"}}],"inLanguage":"fr-FR"},{"@type":"Organization","@id":"https:\/\/hierostrasbourg.com\/#organization","name":"F\u00e9d\u00e9ration Hi\u00e9ro Strasbourg","url":"https:\/\/hierostrasbourg.com\/","logo":{"@type":"ImageObject","inLanguage":"fr-FR","@id":"https:\/\/hierostrasbourg.com\/#\/schema\/logo\/image\/","url":"https:\/\/hierostrasbourg.com\/wp-content\/uploads\/2026\/04\/logo-hiero-strasbourg.jpg","contentUrl":"https:\/\/hierostrasbourg.com\/wp-content\/uploads\/2026\/04\/logo-hiero-strasbourg.jpg","width":204,"height":192,"caption":"F\u00e9d\u00e9ration Hi\u00e9ro Strasbourg"},"image":{"@id":"https:\/\/hierostrasbourg.com\/#\/schema\/logo\/image\/"},"sameAs":["https:\/\/www.facebook.com\/fedehierostrasbourg","https:\/\/x.com\/hierostrasbourg"]}]}},"_links":{"self":[{"href":"https:\/\/hierostrasbourg.com\/index.php\/wp-json\/wp\/v2\/posts\/1155","targetHints":{"allow":["GET"]}}],"collection":[{"href":"https:\/\/hierostrasbourg.com\/index.php\/wp-json\/wp\/v2\/posts"}],"about":[{"href":"https:\/\/hierostrasbourg.com\/index.php\/wp-json\/wp\/v2\/types\/post"}],"replies":[{"embeddable":true,"href":"https:\/\/hierostrasbourg.com\/index.php\/wp-json\/wp\/v2\/comments?post=1155"}],"version-history":[{"count":0,"href":"https:\/\/hierostrasbourg.com\/index.php\/wp-json\/wp\/v2\/posts\/1155\/revisions"}],"wp:attachment":[{"href":"https:\/\/hierostrasbourg.com\/index.php\/wp-json\/wp\/v2\/media?parent=1155"}],"wp:term":[{"taxonomy":"category","embeddable":true,"href":"https:\/\/hierostrasbourg.com\/index.php\/wp-json\/wp\/v2\/categories?post=1155"},{"taxonomy":"post_tag","embeddable":true,"href":"https:\/\/hierostrasbourg.com\/index.php\/wp-json\/wp\/v2\/tags?post=1155"}],"curies":[{"name":"wp","href":"https:\/\/api.w.org\/{rel}","templated":true}]}}