{"id":1146,"date":"2021-11-05T23:18:43","date_gmt":"2021-11-05T22:18:43","guid":{"rendered":"https:\/\/hierostrasbourg.com\/index.php\/2021\/11\/05\/comment-evolue-lintercommunalite-culturelle\/"},"modified":"2021-11-05T23:18:43","modified_gmt":"2021-11-05T22:18:43","slug":"comment-evolue-lintercommunalite-culturelle","status":"publish","type":"post","link":"https:\/\/hierostrasbourg.com\/index.php\/2021\/11\/05\/comment-evolue-lintercommunalite-culturelle\/","title":{"rendered":"Comment \u00e9volue l\u2019intercommunalit\u00e9 culturelle ?"},"content":{"rendered":"<p><em>Dans une \u00e9tude publi\u00e9e \u00e0 l\u2019occasion de son congr\u00e8s qui s\u2019est tenu \u00e0 Clermont-Ferrand, les 14 et 15 octobre dernier, Intercommunalit\u00e9s de France (AdCF) dresse un \u00e9tat des lieux de la coop\u00e9ration intercommunale en mati\u00e8re de politique culturelle. En une d\u00e9cennie, l\u2019intercommunalit\u00e9 culturelle s\u2019est diversifi\u00e9e.<\/em><\/p>\n<p>Source \/ Lire la suite : <a href=\"https:\/\/www.lagazettedescommunes.com\/772725\/comment-evolue-lintercommunalite-culturelle\/\">Comment \u00e9volue l\u2019intercommunalit\u00e9 culturelle ?<\/a><\/p>\n<p>L\u2019article <a href=\"https:\/\/popburo.fr\/comment-evolue-lintercommunalite-culturelle\/\">Comment \u00e9volue l\u2019intercommunalit\u00e9 culturelle ?<\/a> est apparu en premier sur <a href=\"https:\/\/popburo.fr\/\">POP B\u00dcRO<\/a>.<\/p>\n","protected":false},"excerpt":{"rendered":"<p>Dans une \u00e9tude publi\u00e9e \u00e0 l\u2019occasion de son congr\u00e8s qui s\u2019est tenu \u00e0 Clermont-Ferrand, les 14 et 15 octobre dernier, Intercommunalit\u00e9s de France (AdCF) dresse un \u00e9tat des lieux de la coop\u00e9ration intercommunale en mati\u00e8re de politique culturelle. En une d\u00e9cennie, l\u2019intercommunalit\u00e9 culturelle s\u2019est diversifi\u00e9e. Source \/ Lire la suite : Comment \u00e9volue l\u2019intercommunalit\u00e9 culturelle ? L\u2019article Comment \u00e9volue l\u2019intercommunalit\u00e9 culturelle ? est apparu en premier sur POP B\u00dcRO.<\/p>\n","protected":false},"author":0,"featured_media":0,"comment_status":"closed","ping_status":"open","sticky":false,"template":"","format":"standard","meta":{"footnotes":""},"categories":[1],"tags":[],"class_list":["post-1146","post","type-post","status-publish","format-standard","hentry","category-non-classe"],"yoast_head":"<!-- This site is optimized with the Yoast SEO plugin v27.5 - https:\/\/yoast.com\/product\/yoast-seo-wordpress\/ -->\n<title>Comment \u00e9volue l\u2019intercommunalit\u00e9 culturelle ? - HIERO STRASBOURG<\/title>\n<meta name=\"robots\" content=\"index, follow, max-snippet:-1, max-image-preview:large, max-video-preview:-1\" \/>\n<link rel=\"canonical\" href=\"https:\/\/hierostrasbourg.com\/index.php\/2021\/11\/05\/comment-evolue-lintercommunalite-culturelle\/\" \/>\n<meta property=\"og:locale\" content=\"fr_FR\" \/>\n<meta property=\"og:type\" content=\"article\" \/>\n<meta property=\"og:title\" content=\"Comment \u00e9volue l\u2019intercommunalit\u00e9 culturelle ? - HIERO STRASBOURG\" \/>\n<meta property=\"og:description\" content=\"Dans une \u00e9tude publi\u00e9e \u00e0 l\u2019occasion de son congr\u00e8s qui s\u2019est tenu \u00e0 Clermont-Ferrand, les 14 et 15 octobre dernier, Intercommunalit\u00e9s de France (AdCF) dresse un \u00e9tat des lieux de la coop\u00e9ration intercommunale en mati\u00e8re de politique culturelle. En une d\u00e9cennie, l\u2019intercommunalit\u00e9 culturelle s\u2019est diversifi\u00e9e. Source \/ Lire la suite : Comment \u00e9volue l\u2019intercommunalit\u00e9 culturelle ? L\u2019article Comment \u00e9volue l\u2019intercommunalit\u00e9 culturelle ? est apparu en premier sur POP B\u00dcRO.\" \/>\n<meta property=\"og:url\" content=\"https:\/\/hierostrasbourg.com\/index.php\/2021\/11\/05\/comment-evolue-lintercommunalite-culturelle\/\" \/>\n<meta property=\"og:site_name\" content=\"HIERO STRASBOURG\" \/>\n<meta property=\"article:publisher\" content=\"https:\/\/www.facebook.com\/fedehierostrasbourg\" \/>\n<meta property=\"article:published_time\" content=\"2021-11-05T22:18:43+00:00\" \/>\n<meta name=\"twitter:card\" content=\"summary_large_image\" \/>\n<meta name=\"twitter:creator\" content=\"@hierostrasbourg\" \/>\n<meta name=\"twitter:site\" content=\"@hierostrasbourg\" \/>\n<script type=\"application\/ld+json\" class=\"yoast-schema-graph\">{\"@context\":\"https:\\\/\\\/schema.org\",\"@graph\":[{\"@type\":\"Article\",\"@id\":\"https:\\\/\\\/hierostrasbourg.com\\\/index.php\\\/2021\\\/11\\\/05\\\/comment-evolue-lintercommunalite-culturelle\\\/#article\",\"isPartOf\":{\"@id\":\"https:\\\/\\\/hierostrasbourg.com\\\/index.php\\\/2021\\\/11\\\/05\\\/comment-evolue-lintercommunalite-culturelle\\\/\"},\"author\":{\"name\":\"\",\"@id\":\"\"},\"headline\":\"Comment \u00e9volue l\u2019intercommunalit\u00e9 culturelle ?\",\"datePublished\":\"2021-11-05T22:18:43+00:00\",\"mainEntityOfPage\":{\"@id\":\"https:\\\/\\\/hierostrasbourg.com\\\/index.php\\\/2021\\\/11\\\/05\\\/comment-evolue-lintercommunalite-culturelle\\\/\"},\"wordCount\":81,\"publisher\":{\"@id\":\"https:\\\/\\\/hierostrasbourg.com\\\/#organization\"},\"inLanguage\":\"fr-FR\"},{\"@type\":\"WebPage\",\"@id\":\"https:\\\/\\\/hierostrasbourg.com\\\/index.php\\\/2021\\\/11\\\/05\\\/comment-evolue-lintercommunalite-culturelle\\\/\",\"url\":\"https:\\\/\\\/hierostrasbourg.com\\\/index.php\\\/2021\\\/11\\\/05\\\/comment-evolue-lintercommunalite-culturelle\\\/\",\"name\":\"Comment \u00e9volue l\u2019intercommunalit\u00e9 culturelle ? - HIERO STRASBOURG\",\"isPartOf\":{\"@id\":\"https:\\\/\\\/hierostrasbourg.com\\\/#website\"},\"datePublished\":\"2021-11-05T22:18:43+00:00\",\"breadcrumb\":{\"@id\":\"https:\\\/\\\/hierostrasbourg.com\\\/index.php\\\/2021\\\/11\\\/05\\\/comment-evolue-lintercommunalite-culturelle\\\/#breadcrumb\"},\"inLanguage\":\"fr-FR\",\"potentialAction\":[{\"@type\":\"ReadAction\",\"target\":[\"https:\\\/\\\/hierostrasbourg.com\\\/index.php\\\/2021\\\/11\\\/05\\\/comment-evolue-lintercommunalite-culturelle\\\/\"]}]},{\"@type\":\"BreadcrumbList\",\"@id\":\"https:\\\/\\\/hierostrasbourg.com\\\/index.php\\\/2021\\\/11\\\/05\\\/comment-evolue-lintercommunalite-culturelle\\\/#breadcrumb\",\"itemListElement\":[{\"@type\":\"ListItem\",\"position\":1,\"name\":\"Accueil\",\"item\":\"https:\\\/\\\/hierostrasbourg.com\\\/\"},{\"@type\":\"ListItem\",\"position\":2,\"name\":\"Comment \u00e9volue l\u2019intercommunalit\u00e9 culturelle ?\"}]},{\"@type\":\"WebSite\",\"@id\":\"https:\\\/\\\/hierostrasbourg.com\\\/#website\",\"url\":\"https:\\\/\\\/hierostrasbourg.com\\\/\",\"name\":\"HIERO STRASBOURG\",\"description\":\"Centre de Ressources Musiques Actuelles\",\"publisher\":{\"@id\":\"https:\\\/\\\/hierostrasbourg.com\\\/#organization\"},\"potentialAction\":[{\"@type\":\"SearchAction\",\"target\":{\"@type\":\"EntryPoint\",\"urlTemplate\":\"https:\\\/\\\/hierostrasbourg.com\\\/?s={search_term_string}\"},\"query-input\":{\"@type\":\"PropertyValueSpecification\",\"valueRequired\":true,\"valueName\":\"search_term_string\"}}],\"inLanguage\":\"fr-FR\"},{\"@type\":\"Organization\",\"@id\":\"https:\\\/\\\/hierostrasbourg.com\\\/#organization\",\"name\":\"F\u00e9d\u00e9ration Hi\u00e9ro Strasbourg\",\"url\":\"https:\\\/\\\/hierostrasbourg.com\\\/\",\"logo\":{\"@type\":\"ImageObject\",\"inLanguage\":\"fr-FR\",\"@id\":\"https:\\\/\\\/hierostrasbourg.com\\\/#\\\/schema\\\/logo\\\/image\\\/\",\"url\":\"https:\\\/\\\/hierostrasbourg.com\\\/wp-content\\\/uploads\\\/2026\\\/04\\\/logo-hiero-strasbourg.jpg\",\"contentUrl\":\"https:\\\/\\\/hierostrasbourg.com\\\/wp-content\\\/uploads\\\/2026\\\/04\\\/logo-hiero-strasbourg.jpg\",\"width\":204,\"height\":192,\"caption\":\"F\u00e9d\u00e9ration Hi\u00e9ro Strasbourg\"},\"image\":{\"@id\":\"https:\\\/\\\/hierostrasbourg.com\\\/#\\\/schema\\\/logo\\\/image\\\/\"},\"sameAs\":[\"https:\\\/\\\/www.facebook.com\\\/fedehierostrasbourg\",\"https:\\\/\\\/x.com\\\/hierostrasbourg\"]}]}<\/script>\n<!-- \/ Yoast SEO plugin. -->","yoast_head_json":{"title":"Comment \u00e9volue l\u2019intercommunalit\u00e9 culturelle ? - HIERO STRASBOURG","robots":{"index":"index","follow":"follow","max-snippet":"max-snippet:-1","max-image-preview":"max-image-preview:large","max-video-preview":"max-video-preview:-1"},"canonical":"https:\/\/hierostrasbourg.com\/index.php\/2021\/11\/05\/comment-evolue-lintercommunalite-culturelle\/","og_locale":"fr_FR","og_type":"article","og_title":"Comment \u00e9volue l\u2019intercommunalit\u00e9 culturelle ? - HIERO STRASBOURG","og_description":"Dans une \u00e9tude publi\u00e9e \u00e0 l\u2019occasion de son congr\u00e8s qui s\u2019est tenu \u00e0 Clermont-Ferrand, les 14 et 15 octobre dernier, Intercommunalit\u00e9s de France (AdCF) dresse un \u00e9tat des lieux de la coop\u00e9ration intercommunale en mati\u00e8re de politique culturelle. En une d\u00e9cennie, l\u2019intercommunalit\u00e9 culturelle s\u2019est diversifi\u00e9e. Source \/ Lire la suite : Comment \u00e9volue l\u2019intercommunalit\u00e9 culturelle ? L\u2019article Comment \u00e9volue l\u2019intercommunalit\u00e9 culturelle ? est apparu en premier sur POP B\u00dcRO.","og_url":"https:\/\/hierostrasbourg.com\/index.php\/2021\/11\/05\/comment-evolue-lintercommunalite-culturelle\/","og_site_name":"HIERO STRASBOURG","article_publisher":"https:\/\/www.facebook.com\/fedehierostrasbourg","article_published_time":"2021-11-05T22:18:43+00:00","twitter_card":"summary_large_image","twitter_creator":"@hierostrasbourg","twitter_site":"@hierostrasbourg","schema":{"@context":"https:\/\/schema.org","@graph":[{"@type":"Article","@id":"https:\/\/hierostrasbourg.com\/index.php\/2021\/11\/05\/comment-evolue-lintercommunalite-culturelle\/#article","isPartOf":{"@id":"https:\/\/hierostrasbourg.com\/index.php\/2021\/11\/05\/comment-evolue-lintercommunalite-culturelle\/"},"author":{"name":"","@id":""},"headline":"Comment \u00e9volue l\u2019intercommunalit\u00e9 culturelle ?","datePublished":"2021-11-05T22:18:43+00:00","mainEntityOfPage":{"@id":"https:\/\/hierostrasbourg.com\/index.php\/2021\/11\/05\/comment-evolue-lintercommunalite-culturelle\/"},"wordCount":81,"publisher":{"@id":"https:\/\/hierostrasbourg.com\/#organization"},"inLanguage":"fr-FR"},{"@type":"WebPage","@id":"https:\/\/hierostrasbourg.com\/index.php\/2021\/11\/05\/comment-evolue-lintercommunalite-culturelle\/","url":"https:\/\/hierostrasbourg.com\/index.php\/2021\/11\/05\/comment-evolue-lintercommunalite-culturelle\/","name":"Comment \u00e9volue l\u2019intercommunalit\u00e9 culturelle ? - HIERO STRASBOURG","isPartOf":{"@id":"https:\/\/hierostrasbourg.com\/#website"},"datePublished":"2021-11-05T22:18:43+00:00","breadcrumb":{"@id":"https:\/\/hierostrasbourg.com\/index.php\/2021\/11\/05\/comment-evolue-lintercommunalite-culturelle\/#breadcrumb"},"inLanguage":"fr-FR","potentialAction":[{"@type":"ReadAction","target":["https:\/\/hierostrasbourg.com\/index.php\/2021\/11\/05\/comment-evolue-lintercommunalite-culturelle\/"]}]},{"@type":"BreadcrumbList","@id":"https:\/\/hierostrasbourg.com\/index.php\/2021\/11\/05\/comment-evolue-lintercommunalite-culturelle\/#breadcrumb","itemListElement":[{"@type":"ListItem","position":1,"name":"Accueil","item":"https:\/\/hierostrasbourg.com\/"},{"@type":"ListItem","position":2,"name":"Comment \u00e9volue l\u2019intercommunalit\u00e9 culturelle ?"}]},{"@type":"WebSite","@id":"https:\/\/hierostrasbourg.com\/#website","url":"https:\/\/hierostrasbourg.com\/","name":"HIERO STRASBOURG","description":"Centre de Ressources Musiques Actuelles","publisher":{"@id":"https:\/\/hierostrasbourg.com\/#organization"},"potentialAction":[{"@type":"SearchAction","target":{"@type":"EntryPoint","urlTemplate":"https:\/\/hierostrasbourg.com\/?s={search_term_string}"},"query-input":{"@type":"PropertyValueSpecification","valueRequired":true,"valueName":"search_term_string"}}],"inLanguage":"fr-FR"},{"@type":"Organization","@id":"https:\/\/hierostrasbourg.com\/#organization","name":"F\u00e9d\u00e9ration Hi\u00e9ro Strasbourg","url":"https:\/\/hierostrasbourg.com\/","logo":{"@type":"ImageObject","inLanguage":"fr-FR","@id":"https:\/\/hierostrasbourg.com\/#\/schema\/logo\/image\/","url":"https:\/\/hierostrasbourg.com\/wp-content\/uploads\/2026\/04\/logo-hiero-strasbourg.jpg","contentUrl":"https:\/\/hierostrasbourg.com\/wp-content\/uploads\/2026\/04\/logo-hiero-strasbourg.jpg","width":204,"height":192,"caption":"F\u00e9d\u00e9ration Hi\u00e9ro Strasbourg"},"image":{"@id":"https:\/\/hierostrasbourg.com\/#\/schema\/logo\/image\/"},"sameAs":["https:\/\/www.facebook.com\/fedehierostrasbourg","https:\/\/x.com\/hierostrasbourg"]}]}},"_links":{"self":[{"href":"https:\/\/hierostrasbourg.com\/index.php\/wp-json\/wp\/v2\/posts\/1146","targetHints":{"allow":["GET"]}}],"collection":[{"href":"https:\/\/hierostrasbourg.com\/index.php\/wp-json\/wp\/v2\/posts"}],"about":[{"href":"https:\/\/hierostrasbourg.com\/index.php\/wp-json\/wp\/v2\/types\/post"}],"replies":[{"embeddable":true,"href":"https:\/\/hierostrasbourg.com\/index.php\/wp-json\/wp\/v2\/comments?post=1146"}],"version-history":[{"count":0,"href":"https:\/\/hierostrasbourg.com\/index.php\/wp-json\/wp\/v2\/posts\/1146\/revisions"}],"wp:attachment":[{"href":"https:\/\/hierostrasbourg.com\/index.php\/wp-json\/wp\/v2\/media?parent=1146"}],"wp:term":[{"taxonomy":"category","embeddable":true,"href":"https:\/\/hierostrasbourg.com\/index.php\/wp-json\/wp\/v2\/categories?post=1146"},{"taxonomy":"post_tag","embeddable":true,"href":"https:\/\/hierostrasbourg.com\/index.php\/wp-json\/wp\/v2\/tags?post=1146"}],"curies":[{"name":"wp","href":"https:\/\/api.w.org\/{rel}","templated":true}]}}