{"id":1092,"date":"2021-10-27T17:18:58","date_gmt":"2021-10-27T15:18:58","guid":{"rendered":"https:\/\/hierostrasbourg.com\/index.php\/2021\/10\/27\/deux-francais-sur-cinq-parmi-les-habitues-des-lieux-culturels-ont-renonce-a-leurs-sorties-cet-ete\/"},"modified":"2021-10-27T17:18:58","modified_gmt":"2021-10-27T15:18:58","slug":"deux-francais-sur-cinq-parmi-les-habitues-des-lieux-culturels-ont-renonce-a-leurs-sorties-cet-ete","status":"publish","type":"post","link":"https:\/\/hierostrasbourg.com\/index.php\/2021\/10\/27\/deux-francais-sur-cinq-parmi-les-habitues-des-lieux-culturels-ont-renonce-a-leurs-sorties-cet-ete\/","title":{"rendered":"Deux Fran\u00e7ais sur cinq, parmi les habitu\u00e9s des lieux culturels, ont renonc\u00e9 \u00e0 leurs sorties cet \u00e9t\u00e9"},"content":{"rendered":"<p><em>Selon une \u00e9tude r\u00e9alis\u00e9e d\u00e9but septembre, le retour du public dans les cin\u00e9mas, les salles de spectacles et les mus\u00e9es s\u2019est fait plus lent qu\u2019esp\u00e9r\u00e9 pendant les vacances.<\/em><\/p>\n<p>Source \/ Lire la suite : <a href=\"https:\/\/www.lefigaro.fr\/culture\/deux-francais-sur-cinq-parmi-les-habitues-des-lieux-culturels-ont-renonce-a-leurs-loisirs-cet-ete-20211027\">Deux Fran\u00e7ais sur cinq, parmi les habitu\u00e9s des lieux culturels, ont renonc\u00e9 \u00e0 leurs sorties cet \u00e9t\u00e9<\/a><\/p>\n<p>L\u2019article <a href=\"https:\/\/popburo.fr\/deux-francais-sur-cinq-parmi-les-habitues-des-lieux-culturels-ont-renonce-a-leurs-sorties-cet-ete\/\">Deux Fran\u00e7ais sur cinq, parmi les habitu\u00e9s des lieux culturels, ont renonc\u00e9 \u00e0 leurs sorties cet \u00e9t\u00e9<\/a> est apparu en premier sur <a href=\"https:\/\/popburo.fr\/\">POP B\u00dcRO<\/a>.<\/p>\n","protected":false},"excerpt":{"rendered":"<p>Selon une \u00e9tude r\u00e9alis\u00e9e d\u00e9but septembre, le retour du public dans les cin\u00e9mas, les salles de spectacles et les mus\u00e9es s\u2019est fait plus lent qu\u2019esp\u00e9r\u00e9 pendant les vacances. Source \/ Lire la suite : Deux Fran\u00e7ais sur cinq, parmi les habitu\u00e9s des lieux culturels, ont renonc\u00e9 \u00e0 leurs sorties cet \u00e9t\u00e9 L\u2019article Deux Fran\u00e7ais sur cinq, parmi les habitu\u00e9s des lieux culturels, ont renonc\u00e9 \u00e0 leurs sorties cet \u00e9t\u00e9 est apparu en premier sur POP B\u00dcRO.<\/p>\n","protected":false},"author":0,"featured_media":0,"comment_status":"closed","ping_status":"open","sticky":false,"template":"","format":"standard","meta":{"footnotes":""},"categories":[1],"tags":[],"class_list":["post-1092","post","type-post","status-publish","format-standard","hentry","category-non-classe"],"yoast_head":"<!-- This site is optimized with the Yoast SEO plugin v27.5 - https:\/\/yoast.com\/product\/yoast-seo-wordpress\/ -->\n<title>Deux Fran\u00e7ais sur cinq, parmi les habitu\u00e9s des lieux culturels, ont renonc\u00e9 \u00e0 leurs sorties cet \u00e9t\u00e9 - HIERO STRASBOURG<\/title>\n<meta name=\"robots\" content=\"index, follow, max-snippet:-1, max-image-preview:large, max-video-preview:-1\" \/>\n<link rel=\"canonical\" href=\"https:\/\/hierostrasbourg.com\/index.php\/2021\/10\/27\/deux-francais-sur-cinq-parmi-les-habitues-des-lieux-culturels-ont-renonce-a-leurs-sorties-cet-ete\/\" \/>\n<meta property=\"og:locale\" content=\"fr_FR\" \/>\n<meta property=\"og:type\" content=\"article\" \/>\n<meta property=\"og:title\" content=\"Deux Fran\u00e7ais sur cinq, parmi les habitu\u00e9s des lieux culturels, ont renonc\u00e9 \u00e0 leurs sorties cet \u00e9t\u00e9 - HIERO STRASBOURG\" \/>\n<meta property=\"og:description\" content=\"Selon une \u00e9tude r\u00e9alis\u00e9e d\u00e9but septembre, le retour du public dans les cin\u00e9mas, les salles de spectacles et les mus\u00e9es s\u2019est fait plus lent qu\u2019esp\u00e9r\u00e9 pendant les vacances. Source \/ Lire la suite : Deux Fran\u00e7ais sur cinq, parmi les habitu\u00e9s des lieux culturels, ont renonc\u00e9 \u00e0 leurs sorties cet \u00e9t\u00e9 L\u2019article Deux Fran\u00e7ais sur cinq, parmi les habitu\u00e9s des lieux culturels, ont renonc\u00e9 \u00e0 leurs sorties cet \u00e9t\u00e9 est apparu en premier sur POP B\u00dcRO.\" \/>\n<meta property=\"og:url\" content=\"https:\/\/hierostrasbourg.com\/index.php\/2021\/10\/27\/deux-francais-sur-cinq-parmi-les-habitues-des-lieux-culturels-ont-renonce-a-leurs-sorties-cet-ete\/\" \/>\n<meta property=\"og:site_name\" content=\"HIERO STRASBOURG\" \/>\n<meta property=\"article:publisher\" content=\"https:\/\/www.facebook.com\/fedehierostrasbourg\" \/>\n<meta property=\"article:published_time\" content=\"2021-10-27T15:18:58+00:00\" \/>\n<meta name=\"twitter:card\" content=\"summary_large_image\" \/>\n<meta name=\"twitter:creator\" content=\"@hierostrasbourg\" \/>\n<meta name=\"twitter:site\" content=\"@hierostrasbourg\" \/>\n<script type=\"application\/ld+json\" class=\"yoast-schema-graph\">{\"@context\":\"https:\\\/\\\/schema.org\",\"@graph\":[{\"@type\":\"Article\",\"@id\":\"https:\\\/\\\/hierostrasbourg.com\\\/index.php\\\/2021\\\/10\\\/27\\\/deux-francais-sur-cinq-parmi-les-habitues-des-lieux-culturels-ont-renonce-a-leurs-sorties-cet-ete\\\/#article\",\"isPartOf\":{\"@id\":\"https:\\\/\\\/hierostrasbourg.com\\\/index.php\\\/2021\\\/10\\\/27\\\/deux-francais-sur-cinq-parmi-les-habitues-des-lieux-culturels-ont-renonce-a-leurs-sorties-cet-ete\\\/\"},\"author\":{\"name\":\"\",\"@id\":\"\"},\"headline\":\"Deux Fran\u00e7ais sur cinq, parmi les habitu\u00e9s des lieux culturels, ont renonc\u00e9 \u00e0 leurs sorties cet \u00e9t\u00e9\",\"datePublished\":\"2021-10-27T15:18:58+00:00\",\"mainEntityOfPage\":{\"@id\":\"https:\\\/\\\/hierostrasbourg.com\\\/index.php\\\/2021\\\/10\\\/27\\\/deux-francais-sur-cinq-parmi-les-habitues-des-lieux-culturels-ont-renonce-a-leurs-sorties-cet-ete\\\/\"},\"wordCount\":104,\"publisher\":{\"@id\":\"https:\\\/\\\/hierostrasbourg.com\\\/#organization\"},\"inLanguage\":\"fr-FR\"},{\"@type\":\"WebPage\",\"@id\":\"https:\\\/\\\/hierostrasbourg.com\\\/index.php\\\/2021\\\/10\\\/27\\\/deux-francais-sur-cinq-parmi-les-habitues-des-lieux-culturels-ont-renonce-a-leurs-sorties-cet-ete\\\/\",\"url\":\"https:\\\/\\\/hierostrasbourg.com\\\/index.php\\\/2021\\\/10\\\/27\\\/deux-francais-sur-cinq-parmi-les-habitues-des-lieux-culturels-ont-renonce-a-leurs-sorties-cet-ete\\\/\",\"name\":\"Deux Fran\u00e7ais sur cinq, parmi les habitu\u00e9s des lieux culturels, ont renonc\u00e9 \u00e0 leurs sorties cet \u00e9t\u00e9 - HIERO STRASBOURG\",\"isPartOf\":{\"@id\":\"https:\\\/\\\/hierostrasbourg.com\\\/#website\"},\"datePublished\":\"2021-10-27T15:18:58+00:00\",\"breadcrumb\":{\"@id\":\"https:\\\/\\\/hierostrasbourg.com\\\/index.php\\\/2021\\\/10\\\/27\\\/deux-francais-sur-cinq-parmi-les-habitues-des-lieux-culturels-ont-renonce-a-leurs-sorties-cet-ete\\\/#breadcrumb\"},\"inLanguage\":\"fr-FR\",\"potentialAction\":[{\"@type\":\"ReadAction\",\"target\":[\"https:\\\/\\\/hierostrasbourg.com\\\/index.php\\\/2021\\\/10\\\/27\\\/deux-francais-sur-cinq-parmi-les-habitues-des-lieux-culturels-ont-renonce-a-leurs-sorties-cet-ete\\\/\"]}]},{\"@type\":\"BreadcrumbList\",\"@id\":\"https:\\\/\\\/hierostrasbourg.com\\\/index.php\\\/2021\\\/10\\\/27\\\/deux-francais-sur-cinq-parmi-les-habitues-des-lieux-culturels-ont-renonce-a-leurs-sorties-cet-ete\\\/#breadcrumb\",\"itemListElement\":[{\"@type\":\"ListItem\",\"position\":1,\"name\":\"Accueil\",\"item\":\"https:\\\/\\\/hierostrasbourg.com\\\/\"},{\"@type\":\"ListItem\",\"position\":2,\"name\":\"Deux Fran\u00e7ais sur cinq, parmi les habitu\u00e9s des lieux culturels, ont renonc\u00e9 \u00e0 leurs sorties cet \u00e9t\u00e9\"}]},{\"@type\":\"WebSite\",\"@id\":\"https:\\\/\\\/hierostrasbourg.com\\\/#website\",\"url\":\"https:\\\/\\\/hierostrasbourg.com\\\/\",\"name\":\"HIERO STRASBOURG\",\"description\":\"Centre de Ressources Musiques Actuelles\",\"publisher\":{\"@id\":\"https:\\\/\\\/hierostrasbourg.com\\\/#organization\"},\"potentialAction\":[{\"@type\":\"SearchAction\",\"target\":{\"@type\":\"EntryPoint\",\"urlTemplate\":\"https:\\\/\\\/hierostrasbourg.com\\\/?s={search_term_string}\"},\"query-input\":{\"@type\":\"PropertyValueSpecification\",\"valueRequired\":true,\"valueName\":\"search_term_string\"}}],\"inLanguage\":\"fr-FR\"},{\"@type\":\"Organization\",\"@id\":\"https:\\\/\\\/hierostrasbourg.com\\\/#organization\",\"name\":\"F\u00e9d\u00e9ration Hi\u00e9ro Strasbourg\",\"url\":\"https:\\\/\\\/hierostrasbourg.com\\\/\",\"logo\":{\"@type\":\"ImageObject\",\"inLanguage\":\"fr-FR\",\"@id\":\"https:\\\/\\\/hierostrasbourg.com\\\/#\\\/schema\\\/logo\\\/image\\\/\",\"url\":\"https:\\\/\\\/hierostrasbourg.com\\\/wp-content\\\/uploads\\\/2026\\\/04\\\/logo-hiero-strasbourg.jpg\",\"contentUrl\":\"https:\\\/\\\/hierostrasbourg.com\\\/wp-content\\\/uploads\\\/2026\\\/04\\\/logo-hiero-strasbourg.jpg\",\"width\":204,\"height\":192,\"caption\":\"F\u00e9d\u00e9ration Hi\u00e9ro Strasbourg\"},\"image\":{\"@id\":\"https:\\\/\\\/hierostrasbourg.com\\\/#\\\/schema\\\/logo\\\/image\\\/\"},\"sameAs\":[\"https:\\\/\\\/www.facebook.com\\\/fedehierostrasbourg\",\"https:\\\/\\\/x.com\\\/hierostrasbourg\"]}]}<\/script>\n<!-- \/ Yoast SEO plugin. -->","yoast_head_json":{"title":"Deux Fran\u00e7ais sur cinq, parmi les habitu\u00e9s des lieux culturels, ont renonc\u00e9 \u00e0 leurs sorties cet \u00e9t\u00e9 - HIERO STRASBOURG","robots":{"index":"index","follow":"follow","max-snippet":"max-snippet:-1","max-image-preview":"max-image-preview:large","max-video-preview":"max-video-preview:-1"},"canonical":"https:\/\/hierostrasbourg.com\/index.php\/2021\/10\/27\/deux-francais-sur-cinq-parmi-les-habitues-des-lieux-culturels-ont-renonce-a-leurs-sorties-cet-ete\/","og_locale":"fr_FR","og_type":"article","og_title":"Deux Fran\u00e7ais sur cinq, parmi les habitu\u00e9s des lieux culturels, ont renonc\u00e9 \u00e0 leurs sorties cet \u00e9t\u00e9 - HIERO STRASBOURG","og_description":"Selon une \u00e9tude r\u00e9alis\u00e9e d\u00e9but septembre, le retour du public dans les cin\u00e9mas, les salles de spectacles et les mus\u00e9es s\u2019est fait plus lent qu\u2019esp\u00e9r\u00e9 pendant les vacances. Source \/ Lire la suite : Deux Fran\u00e7ais sur cinq, parmi les habitu\u00e9s des lieux culturels, ont renonc\u00e9 \u00e0 leurs sorties cet \u00e9t\u00e9 L\u2019article Deux Fran\u00e7ais sur cinq, parmi les habitu\u00e9s des lieux culturels, ont renonc\u00e9 \u00e0 leurs sorties cet \u00e9t\u00e9 est apparu en premier sur POP B\u00dcRO.","og_url":"https:\/\/hierostrasbourg.com\/index.php\/2021\/10\/27\/deux-francais-sur-cinq-parmi-les-habitues-des-lieux-culturels-ont-renonce-a-leurs-sorties-cet-ete\/","og_site_name":"HIERO STRASBOURG","article_publisher":"https:\/\/www.facebook.com\/fedehierostrasbourg","article_published_time":"2021-10-27T15:18:58+00:00","twitter_card":"summary_large_image","twitter_creator":"@hierostrasbourg","twitter_site":"@hierostrasbourg","schema":{"@context":"https:\/\/schema.org","@graph":[{"@type":"Article","@id":"https:\/\/hierostrasbourg.com\/index.php\/2021\/10\/27\/deux-francais-sur-cinq-parmi-les-habitues-des-lieux-culturels-ont-renonce-a-leurs-sorties-cet-ete\/#article","isPartOf":{"@id":"https:\/\/hierostrasbourg.com\/index.php\/2021\/10\/27\/deux-francais-sur-cinq-parmi-les-habitues-des-lieux-culturels-ont-renonce-a-leurs-sorties-cet-ete\/"},"author":{"name":"","@id":""},"headline":"Deux Fran\u00e7ais sur cinq, parmi les habitu\u00e9s des lieux culturels, ont renonc\u00e9 \u00e0 leurs sorties cet \u00e9t\u00e9","datePublished":"2021-10-27T15:18:58+00:00","mainEntityOfPage":{"@id":"https:\/\/hierostrasbourg.com\/index.php\/2021\/10\/27\/deux-francais-sur-cinq-parmi-les-habitues-des-lieux-culturels-ont-renonce-a-leurs-sorties-cet-ete\/"},"wordCount":104,"publisher":{"@id":"https:\/\/hierostrasbourg.com\/#organization"},"inLanguage":"fr-FR"},{"@type":"WebPage","@id":"https:\/\/hierostrasbourg.com\/index.php\/2021\/10\/27\/deux-francais-sur-cinq-parmi-les-habitues-des-lieux-culturels-ont-renonce-a-leurs-sorties-cet-ete\/","url":"https:\/\/hierostrasbourg.com\/index.php\/2021\/10\/27\/deux-francais-sur-cinq-parmi-les-habitues-des-lieux-culturels-ont-renonce-a-leurs-sorties-cet-ete\/","name":"Deux Fran\u00e7ais sur cinq, parmi les habitu\u00e9s des lieux culturels, ont renonc\u00e9 \u00e0 leurs sorties cet \u00e9t\u00e9 - HIERO STRASBOURG","isPartOf":{"@id":"https:\/\/hierostrasbourg.com\/#website"},"datePublished":"2021-10-27T15:18:58+00:00","breadcrumb":{"@id":"https:\/\/hierostrasbourg.com\/index.php\/2021\/10\/27\/deux-francais-sur-cinq-parmi-les-habitues-des-lieux-culturels-ont-renonce-a-leurs-sorties-cet-ete\/#breadcrumb"},"inLanguage":"fr-FR","potentialAction":[{"@type":"ReadAction","target":["https:\/\/hierostrasbourg.com\/index.php\/2021\/10\/27\/deux-francais-sur-cinq-parmi-les-habitues-des-lieux-culturels-ont-renonce-a-leurs-sorties-cet-ete\/"]}]},{"@type":"BreadcrumbList","@id":"https:\/\/hierostrasbourg.com\/index.php\/2021\/10\/27\/deux-francais-sur-cinq-parmi-les-habitues-des-lieux-culturels-ont-renonce-a-leurs-sorties-cet-ete\/#breadcrumb","itemListElement":[{"@type":"ListItem","position":1,"name":"Accueil","item":"https:\/\/hierostrasbourg.com\/"},{"@type":"ListItem","position":2,"name":"Deux Fran\u00e7ais sur cinq, parmi les habitu\u00e9s des lieux culturels, ont renonc\u00e9 \u00e0 leurs sorties cet \u00e9t\u00e9"}]},{"@type":"WebSite","@id":"https:\/\/hierostrasbourg.com\/#website","url":"https:\/\/hierostrasbourg.com\/","name":"HIERO STRASBOURG","description":"Centre de Ressources Musiques Actuelles","publisher":{"@id":"https:\/\/hierostrasbourg.com\/#organization"},"potentialAction":[{"@type":"SearchAction","target":{"@type":"EntryPoint","urlTemplate":"https:\/\/hierostrasbourg.com\/?s={search_term_string}"},"query-input":{"@type":"PropertyValueSpecification","valueRequired":true,"valueName":"search_term_string"}}],"inLanguage":"fr-FR"},{"@type":"Organization","@id":"https:\/\/hierostrasbourg.com\/#organization","name":"F\u00e9d\u00e9ration Hi\u00e9ro Strasbourg","url":"https:\/\/hierostrasbourg.com\/","logo":{"@type":"ImageObject","inLanguage":"fr-FR","@id":"https:\/\/hierostrasbourg.com\/#\/schema\/logo\/image\/","url":"https:\/\/hierostrasbourg.com\/wp-content\/uploads\/2026\/04\/logo-hiero-strasbourg.jpg","contentUrl":"https:\/\/hierostrasbourg.com\/wp-content\/uploads\/2026\/04\/logo-hiero-strasbourg.jpg","width":204,"height":192,"caption":"F\u00e9d\u00e9ration Hi\u00e9ro Strasbourg"},"image":{"@id":"https:\/\/hierostrasbourg.com\/#\/schema\/logo\/image\/"},"sameAs":["https:\/\/www.facebook.com\/fedehierostrasbourg","https:\/\/x.com\/hierostrasbourg"]}]}},"_links":{"self":[{"href":"https:\/\/hierostrasbourg.com\/index.php\/wp-json\/wp\/v2\/posts\/1092","targetHints":{"allow":["GET"]}}],"collection":[{"href":"https:\/\/hierostrasbourg.com\/index.php\/wp-json\/wp\/v2\/posts"}],"about":[{"href":"https:\/\/hierostrasbourg.com\/index.php\/wp-json\/wp\/v2\/types\/post"}],"replies":[{"embeddable":true,"href":"https:\/\/hierostrasbourg.com\/index.php\/wp-json\/wp\/v2\/comments?post=1092"}],"version-history":[{"count":0,"href":"https:\/\/hierostrasbourg.com\/index.php\/wp-json\/wp\/v2\/posts\/1092\/revisions"}],"wp:attachment":[{"href":"https:\/\/hierostrasbourg.com\/index.php\/wp-json\/wp\/v2\/media?parent=1092"}],"wp:term":[{"taxonomy":"category","embeddable":true,"href":"https:\/\/hierostrasbourg.com\/index.php\/wp-json\/wp\/v2\/categories?post=1092"},{"taxonomy":"post_tag","embeddable":true,"href":"https:\/\/hierostrasbourg.com\/index.php\/wp-json\/wp\/v2\/tags?post=1092"}],"curies":[{"name":"wp","href":"https:\/\/api.w.org\/{rel}","templated":true}]}}