{"id":1090,"date":"2021-10-26T21:24:10","date_gmt":"2021-10-26T19:24:10","guid":{"rendered":"https:\/\/hierostrasbourg.com\/index.php\/2021\/10\/26\/musica-propose-un-stage-assistant-a-la-mediation-f-h\/"},"modified":"2021-10-26T21:24:10","modified_gmt":"2021-10-26T19:24:10","slug":"musica-propose-un-stage-assistant-a-la-mediation-f-h","status":"publish","type":"post","link":"https:\/\/hierostrasbourg.com\/index.php\/2021\/10\/26\/musica-propose-un-stage-assistant-a-la-mediation-f-h\/","title":{"rendered":"MUSICA propose un stage \u201cassistant \u00e0 la m\u00e9diation \u201d [F\/H]"},"content":{"rendered":"<h2>Missions<\/h2>\n<p>Plac\u00e9\u00b7e sous la responsabilit\u00e9 de la charg\u00e9e de m\u00e9diation, et en relation avec l\u2019\u00e9quipe du festival, vous \u00eates charg\u00e9\u00b7e du d\u00e9veloppement des relations avec les publics pour l\u2019\u00e9dition 2022 du festival :<\/p>\n<p>D\u00e9veloppement des publics en lien avec la programmation (scolaire, universitaire, associatif, et sur les territoires y compris transfrontaliers)<br \/>\nConception des accompagnements artistiques avec les musicien\u00b7ne\u00b7s intervenant\u00b7e\u00b7s et les partenaires<br \/>\nSuivi op\u00e9rationnel des actions culturelles sur le territoire<br \/>\n\u00c9laboration des dossiers p\u00e9dagogiques<br \/>\nSoutien \u00e0 la gestion de l\u2019accueil du public sur les lieux des manifestations du festival<br \/>\nMise \u00e0 jour du fichier contacts et partenaires du festival<\/p>\n<h2>Profil recherch\u00e9<\/h2>\n<p>Formation niveau Master (culture, spectacle vivant, musicologie ou autre domaine artistique, sociologie des publics, m\u00e9diation, sciences politiques\u2026)<br \/>\nInt\u00e9r\u00eat pour la cr\u00e9ation artistique<br \/>\nEsprit curieux<br \/>\nRigueur et sens de l\u2019organisation<br \/>\nGrande aisance relationnelle et r\u00e9dactionnelle<br \/>\nGo\u00fbt du travail en \u00e9quipe<br \/>\nMa\u00eetrise des outils bureautiques (Pack Office, InDesign)<br \/>\nConnaissance des outils de prise de son et de montage audio<\/p>\n<h2>Conditions et modalit\u00e9s de candidature<\/h2>\n<p>Dur\u00e9e du stage : 6 mois, de f\u00e9vrier \u00e0 ao\u00fbt 2022 avec une p\u00e9riode lib\u00e9r\u00e9e de la mi-juillet \u00e0 la mi-ao\u00fbt.<br \/>\nIndemnit\u00e9 de stage l\u00e9gale sur une base temps plein hebdomadaire + prise en charge des frais de transport locaux (50 %) + tickets restaurant.<br \/>\nCDD sur la p\u00e9riode du festival 2022, r\u00e9mun\u00e9ration envisag\u00e9e 1 600 \u20ac bruts \/mois<\/p>\n<p>f\u00e9vrier \u00e0 ao\u00fbt 2022, suivi d\u2019un CDD de septembre \u00e0 octobre 2022<\/p>\n<p>Responsable du stage : C\u00e9line Hentz, charg\u00e9e de m\u00e9diation<br \/>\nD\u00e9p\u00f4t des candidatures (lettre et CV) par e-mail avant le 26 novembre 2021 \u00e0\u00a0<a href=\"mailto:hentz@festivalmusica.fr\">hentz@festivalmusica.fr<\/a><\/p>\n<p>L\u2019article <a href=\"https:\/\/popburo.fr\/musica-propose-un-stage-assistant-a-la-mediation-f-h\/\">MUSICA propose un stage \u201cassistant \u00e0 la m\u00e9diation \u201d [F\/H]<\/a> est apparu en premier sur <a href=\"https:\/\/popburo.fr\/\">POP B\u00dcRO<\/a>.<\/p>\n","protected":false},"excerpt":{"rendered":"<p>Missions Plac\u00e9\u00b7e sous la responsabilit\u00e9 de la charg\u00e9e de m\u00e9diation, et en relation avec l\u2019\u00e9quipe du festival, vous \u00eates charg\u00e9\u00b7e du d\u00e9veloppement des relations avec les publics pour l\u2019\u00e9dition 2022 du festival : D\u00e9veloppement des publics en lien avec la programmation (scolaire, universitaire, associatif, et sur les territoires y compris transfrontaliers) Conception des accompagnements artistiques avec les musicien\u00b7ne\u00b7s intervenant\u00b7e\u00b7s et les partenaires Suivi op\u00e9rationnel des actions culturelles sur le territoire \u00c9laboration des dossiers p\u00e9dagogiques Soutien \u00e0 la gestion de l\u2019accueil [&hellip;]<\/p>\n","protected":false},"author":0,"featured_media":0,"comment_status":"closed","ping_status":"open","sticky":false,"template":"","format":"standard","meta":{"footnotes":""},"categories":[1],"tags":[],"class_list":["post-1090","post","type-post","status-publish","format-standard","hentry","category-non-classe"],"yoast_head":"<!-- This site is optimized with the Yoast SEO plugin v27.5 - https:\/\/yoast.com\/product\/yoast-seo-wordpress\/ -->\n<title>MUSICA propose un stage \u201cassistant \u00e0 la m\u00e9diation \u201d [F\/H] - HIERO STRASBOURG<\/title>\n<meta name=\"robots\" content=\"index, follow, max-snippet:-1, max-image-preview:large, max-video-preview:-1\" \/>\n<link rel=\"canonical\" href=\"https:\/\/hierostrasbourg.com\/index.php\/2021\/10\/26\/musica-propose-un-stage-assistant-a-la-mediation-f-h\/\" \/>\n<meta property=\"og:locale\" content=\"fr_FR\" \/>\n<meta property=\"og:type\" content=\"article\" \/>\n<meta property=\"og:title\" content=\"MUSICA propose un stage \u201cassistant \u00e0 la m\u00e9diation \u201d [F\/H] - HIERO STRASBOURG\" \/>\n<meta property=\"og:description\" content=\"Missions Plac\u00e9\u00b7e sous la responsabilit\u00e9 de la charg\u00e9e de m\u00e9diation, et en relation avec l\u2019\u00e9quipe du festival, vous \u00eates charg\u00e9\u00b7e du d\u00e9veloppement des relations avec les publics pour l\u2019\u00e9dition 2022 du festival : D\u00e9veloppement des publics en lien avec la programmation (scolaire, universitaire, associatif, et sur les territoires y compris transfrontaliers) Conception des accompagnements artistiques avec les musicien\u00b7ne\u00b7s intervenant\u00b7e\u00b7s et les partenaires Suivi op\u00e9rationnel des actions culturelles sur le territoire \u00c9laboration des dossiers p\u00e9dagogiques Soutien \u00e0 la gestion de l\u2019accueil [&hellip;]\" \/>\n<meta property=\"og:url\" content=\"https:\/\/hierostrasbourg.com\/index.php\/2021\/10\/26\/musica-propose-un-stage-assistant-a-la-mediation-f-h\/\" \/>\n<meta property=\"og:site_name\" content=\"HIERO STRASBOURG\" \/>\n<meta property=\"article:publisher\" content=\"https:\/\/www.facebook.com\/fedehierostrasbourg\" \/>\n<meta property=\"article:published_time\" content=\"2021-10-26T19:24:10+00:00\" \/>\n<meta name=\"twitter:card\" content=\"summary_large_image\" \/>\n<meta name=\"twitter:creator\" content=\"@hierostrasbourg\" \/>\n<meta name=\"twitter:site\" content=\"@hierostrasbourg\" \/>\n<meta name=\"twitter:label1\" content=\"Dur\u00e9e de lecture estim\u00e9e\" \/>\n\t<meta name=\"twitter:data1\" content=\"1 minute\" \/>\n<script type=\"application\/ld+json\" class=\"yoast-schema-graph\">{\"@context\":\"https:\\\/\\\/schema.org\",\"@graph\":[{\"@type\":\"Article\",\"@id\":\"https:\\\/\\\/hierostrasbourg.com\\\/index.php\\\/2021\\\/10\\\/26\\\/musica-propose-un-stage-assistant-a-la-mediation-f-h\\\/#article\",\"isPartOf\":{\"@id\":\"https:\\\/\\\/hierostrasbourg.com\\\/index.php\\\/2021\\\/10\\\/26\\\/musica-propose-un-stage-assistant-a-la-mediation-f-h\\\/\"},\"author\":{\"name\":\"\",\"@id\":\"\"},\"headline\":\"MUSICA propose un stage \u201cassistant \u00e0 la m\u00e9diation \u201d [F\\\/H]\",\"datePublished\":\"2021-10-26T19:24:10+00:00\",\"mainEntityOfPage\":{\"@id\":\"https:\\\/\\\/hierostrasbourg.com\\\/index.php\\\/2021\\\/10\\\/26\\\/musica-propose-un-stage-assistant-a-la-mediation-f-h\\\/\"},\"wordCount\":309,\"publisher\":{\"@id\":\"https:\\\/\\\/hierostrasbourg.com\\\/#organization\"},\"inLanguage\":\"fr-FR\"},{\"@type\":\"WebPage\",\"@id\":\"https:\\\/\\\/hierostrasbourg.com\\\/index.php\\\/2021\\\/10\\\/26\\\/musica-propose-un-stage-assistant-a-la-mediation-f-h\\\/\",\"url\":\"https:\\\/\\\/hierostrasbourg.com\\\/index.php\\\/2021\\\/10\\\/26\\\/musica-propose-un-stage-assistant-a-la-mediation-f-h\\\/\",\"name\":\"MUSICA propose un stage \u201cassistant \u00e0 la m\u00e9diation \u201d [F\\\/H] - HIERO STRASBOURG\",\"isPartOf\":{\"@id\":\"https:\\\/\\\/hierostrasbourg.com\\\/#website\"},\"datePublished\":\"2021-10-26T19:24:10+00:00\",\"breadcrumb\":{\"@id\":\"https:\\\/\\\/hierostrasbourg.com\\\/index.php\\\/2021\\\/10\\\/26\\\/musica-propose-un-stage-assistant-a-la-mediation-f-h\\\/#breadcrumb\"},\"inLanguage\":\"fr-FR\",\"potentialAction\":[{\"@type\":\"ReadAction\",\"target\":[\"https:\\\/\\\/hierostrasbourg.com\\\/index.php\\\/2021\\\/10\\\/26\\\/musica-propose-un-stage-assistant-a-la-mediation-f-h\\\/\"]}]},{\"@type\":\"BreadcrumbList\",\"@id\":\"https:\\\/\\\/hierostrasbourg.com\\\/index.php\\\/2021\\\/10\\\/26\\\/musica-propose-un-stage-assistant-a-la-mediation-f-h\\\/#breadcrumb\",\"itemListElement\":[{\"@type\":\"ListItem\",\"position\":1,\"name\":\"Accueil\",\"item\":\"https:\\\/\\\/hierostrasbourg.com\\\/\"},{\"@type\":\"ListItem\",\"position\":2,\"name\":\"MUSICA propose un stage \u201cassistant \u00e0 la m\u00e9diation \u201d [F\\\/H]\"}]},{\"@type\":\"WebSite\",\"@id\":\"https:\\\/\\\/hierostrasbourg.com\\\/#website\",\"url\":\"https:\\\/\\\/hierostrasbourg.com\\\/\",\"name\":\"HIERO STRASBOURG\",\"description\":\"Centre de Ressources Musiques Actuelles\",\"publisher\":{\"@id\":\"https:\\\/\\\/hierostrasbourg.com\\\/#organization\"},\"potentialAction\":[{\"@type\":\"SearchAction\",\"target\":{\"@type\":\"EntryPoint\",\"urlTemplate\":\"https:\\\/\\\/hierostrasbourg.com\\\/?s={search_term_string}\"},\"query-input\":{\"@type\":\"PropertyValueSpecification\",\"valueRequired\":true,\"valueName\":\"search_term_string\"}}],\"inLanguage\":\"fr-FR\"},{\"@type\":\"Organization\",\"@id\":\"https:\\\/\\\/hierostrasbourg.com\\\/#organization\",\"name\":\"F\u00e9d\u00e9ration Hi\u00e9ro Strasbourg\",\"url\":\"https:\\\/\\\/hierostrasbourg.com\\\/\",\"logo\":{\"@type\":\"ImageObject\",\"inLanguage\":\"fr-FR\",\"@id\":\"https:\\\/\\\/hierostrasbourg.com\\\/#\\\/schema\\\/logo\\\/image\\\/\",\"url\":\"https:\\\/\\\/hierostrasbourg.com\\\/wp-content\\\/uploads\\\/2026\\\/04\\\/logo-hiero-strasbourg.jpg\",\"contentUrl\":\"https:\\\/\\\/hierostrasbourg.com\\\/wp-content\\\/uploads\\\/2026\\\/04\\\/logo-hiero-strasbourg.jpg\",\"width\":204,\"height\":192,\"caption\":\"F\u00e9d\u00e9ration Hi\u00e9ro Strasbourg\"},\"image\":{\"@id\":\"https:\\\/\\\/hierostrasbourg.com\\\/#\\\/schema\\\/logo\\\/image\\\/\"},\"sameAs\":[\"https:\\\/\\\/www.facebook.com\\\/fedehierostrasbourg\",\"https:\\\/\\\/x.com\\\/hierostrasbourg\"]}]}<\/script>\n<!-- \/ Yoast SEO plugin. -->","yoast_head_json":{"title":"MUSICA propose un stage \u201cassistant \u00e0 la m\u00e9diation \u201d [F\/H] - HIERO STRASBOURG","robots":{"index":"index","follow":"follow","max-snippet":"max-snippet:-1","max-image-preview":"max-image-preview:large","max-video-preview":"max-video-preview:-1"},"canonical":"https:\/\/hierostrasbourg.com\/index.php\/2021\/10\/26\/musica-propose-un-stage-assistant-a-la-mediation-f-h\/","og_locale":"fr_FR","og_type":"article","og_title":"MUSICA propose un stage \u201cassistant \u00e0 la m\u00e9diation \u201d [F\/H] - HIERO STRASBOURG","og_description":"Missions Plac\u00e9\u00b7e sous la responsabilit\u00e9 de la charg\u00e9e de m\u00e9diation, et en relation avec l\u2019\u00e9quipe du festival, vous \u00eates charg\u00e9\u00b7e du d\u00e9veloppement des relations avec les publics pour l\u2019\u00e9dition 2022 du festival : D\u00e9veloppement des publics en lien avec la programmation (scolaire, universitaire, associatif, et sur les territoires y compris transfrontaliers) Conception des accompagnements artistiques avec les musicien\u00b7ne\u00b7s intervenant\u00b7e\u00b7s et les partenaires Suivi op\u00e9rationnel des actions culturelles sur le territoire \u00c9laboration des dossiers p\u00e9dagogiques Soutien \u00e0 la gestion de l\u2019accueil [&hellip;]","og_url":"https:\/\/hierostrasbourg.com\/index.php\/2021\/10\/26\/musica-propose-un-stage-assistant-a-la-mediation-f-h\/","og_site_name":"HIERO STRASBOURG","article_publisher":"https:\/\/www.facebook.com\/fedehierostrasbourg","article_published_time":"2021-10-26T19:24:10+00:00","twitter_card":"summary_large_image","twitter_creator":"@hierostrasbourg","twitter_site":"@hierostrasbourg","twitter_misc":{"Dur\u00e9e de lecture estim\u00e9e":"1 minute"},"schema":{"@context":"https:\/\/schema.org","@graph":[{"@type":"Article","@id":"https:\/\/hierostrasbourg.com\/index.php\/2021\/10\/26\/musica-propose-un-stage-assistant-a-la-mediation-f-h\/#article","isPartOf":{"@id":"https:\/\/hierostrasbourg.com\/index.php\/2021\/10\/26\/musica-propose-un-stage-assistant-a-la-mediation-f-h\/"},"author":{"name":"","@id":""},"headline":"MUSICA propose un stage \u201cassistant \u00e0 la m\u00e9diation \u201d [F\/H]","datePublished":"2021-10-26T19:24:10+00:00","mainEntityOfPage":{"@id":"https:\/\/hierostrasbourg.com\/index.php\/2021\/10\/26\/musica-propose-un-stage-assistant-a-la-mediation-f-h\/"},"wordCount":309,"publisher":{"@id":"https:\/\/hierostrasbourg.com\/#organization"},"inLanguage":"fr-FR"},{"@type":"WebPage","@id":"https:\/\/hierostrasbourg.com\/index.php\/2021\/10\/26\/musica-propose-un-stage-assistant-a-la-mediation-f-h\/","url":"https:\/\/hierostrasbourg.com\/index.php\/2021\/10\/26\/musica-propose-un-stage-assistant-a-la-mediation-f-h\/","name":"MUSICA propose un stage \u201cassistant \u00e0 la m\u00e9diation \u201d [F\/H] - HIERO STRASBOURG","isPartOf":{"@id":"https:\/\/hierostrasbourg.com\/#website"},"datePublished":"2021-10-26T19:24:10+00:00","breadcrumb":{"@id":"https:\/\/hierostrasbourg.com\/index.php\/2021\/10\/26\/musica-propose-un-stage-assistant-a-la-mediation-f-h\/#breadcrumb"},"inLanguage":"fr-FR","potentialAction":[{"@type":"ReadAction","target":["https:\/\/hierostrasbourg.com\/index.php\/2021\/10\/26\/musica-propose-un-stage-assistant-a-la-mediation-f-h\/"]}]},{"@type":"BreadcrumbList","@id":"https:\/\/hierostrasbourg.com\/index.php\/2021\/10\/26\/musica-propose-un-stage-assistant-a-la-mediation-f-h\/#breadcrumb","itemListElement":[{"@type":"ListItem","position":1,"name":"Accueil","item":"https:\/\/hierostrasbourg.com\/"},{"@type":"ListItem","position":2,"name":"MUSICA propose un stage \u201cassistant \u00e0 la m\u00e9diation \u201d [F\/H]"}]},{"@type":"WebSite","@id":"https:\/\/hierostrasbourg.com\/#website","url":"https:\/\/hierostrasbourg.com\/","name":"HIERO STRASBOURG","description":"Centre de Ressources Musiques Actuelles","publisher":{"@id":"https:\/\/hierostrasbourg.com\/#organization"},"potentialAction":[{"@type":"SearchAction","target":{"@type":"EntryPoint","urlTemplate":"https:\/\/hierostrasbourg.com\/?s={search_term_string}"},"query-input":{"@type":"PropertyValueSpecification","valueRequired":true,"valueName":"search_term_string"}}],"inLanguage":"fr-FR"},{"@type":"Organization","@id":"https:\/\/hierostrasbourg.com\/#organization","name":"F\u00e9d\u00e9ration Hi\u00e9ro Strasbourg","url":"https:\/\/hierostrasbourg.com\/","logo":{"@type":"ImageObject","inLanguage":"fr-FR","@id":"https:\/\/hierostrasbourg.com\/#\/schema\/logo\/image\/","url":"https:\/\/hierostrasbourg.com\/wp-content\/uploads\/2026\/04\/logo-hiero-strasbourg.jpg","contentUrl":"https:\/\/hierostrasbourg.com\/wp-content\/uploads\/2026\/04\/logo-hiero-strasbourg.jpg","width":204,"height":192,"caption":"F\u00e9d\u00e9ration Hi\u00e9ro Strasbourg"},"image":{"@id":"https:\/\/hierostrasbourg.com\/#\/schema\/logo\/image\/"},"sameAs":["https:\/\/www.facebook.com\/fedehierostrasbourg","https:\/\/x.com\/hierostrasbourg"]}]}},"_links":{"self":[{"href":"https:\/\/hierostrasbourg.com\/index.php\/wp-json\/wp\/v2\/posts\/1090","targetHints":{"allow":["GET"]}}],"collection":[{"href":"https:\/\/hierostrasbourg.com\/index.php\/wp-json\/wp\/v2\/posts"}],"about":[{"href":"https:\/\/hierostrasbourg.com\/index.php\/wp-json\/wp\/v2\/types\/post"}],"replies":[{"embeddable":true,"href":"https:\/\/hierostrasbourg.com\/index.php\/wp-json\/wp\/v2\/comments?post=1090"}],"version-history":[{"count":0,"href":"https:\/\/hierostrasbourg.com\/index.php\/wp-json\/wp\/v2\/posts\/1090\/revisions"}],"wp:attachment":[{"href":"https:\/\/hierostrasbourg.com\/index.php\/wp-json\/wp\/v2\/media?parent=1090"}],"wp:term":[{"taxonomy":"category","embeddable":true,"href":"https:\/\/hierostrasbourg.com\/index.php\/wp-json\/wp\/v2\/categories?post=1090"},{"taxonomy":"post_tag","embeddable":true,"href":"https:\/\/hierostrasbourg.com\/index.php\/wp-json\/wp\/v2\/tags?post=1090"}],"curies":[{"name":"wp","href":"https:\/\/api.w.org\/{rel}","templated":true}]}}