{"id":1054,"date":"2021-10-16T14:22:10","date_gmt":"2021-10-16T12:22:10","guid":{"rendered":"https:\/\/hierostrasbourg.com\/index.php\/2021\/10\/16\/vers-un-grand-embouteillage-de-concerts-lan-prochain\/"},"modified":"2021-10-16T14:22:10","modified_gmt":"2021-10-16T12:22:10","slug":"vers-un-grand-embouteillage-de-concerts-lan-prochain","status":"publish","type":"post","link":"https:\/\/hierostrasbourg.com\/index.php\/2021\/10\/16\/vers-un-grand-embouteillage-de-concerts-lan-prochain\/","title":{"rendered":"Vers un grand embouteillage de concerts l\u2019an prochain"},"content":{"rendered":"<p><em>Le MaMA, le salon du March\u00e9 des Musiques Actuelles qui s\u2019est achev\u00e9 vendredi, conna\u00eet une affluence record sur fond de crise. Si la fin 2021 est catastrophique, 2022 s\u2019annonce encombr\u00e9e, donc \u00e0 hauts risques, tant vont se concentrer tous les concerts report\u00e9s.<\/em><\/p>\n<p>Source \/ Lire la suite : <a href=\"https:\/\/www.lesechos.fr\/industrie-services\/services-conseils\/vers-un-grand-embouteillage-de-concerts-lan-prochain-1355510\">Vers un grand embouteillage de concerts l\u2019an prochain<\/a><\/p>\n<p>L\u2019article <a href=\"https:\/\/popburo.fr\/vers-un-grand-embouteillage-de-concerts-lan-prochain\/\">Vers un grand embouteillage de concerts l\u2019an prochain<\/a> est apparu en premier sur <a href=\"https:\/\/popburo.fr\/\">POP B\u00dcRO<\/a>.<\/p>\n","protected":false},"excerpt":{"rendered":"<p>Le MaMA, le salon du March\u00e9 des Musiques Actuelles qui s\u2019est achev\u00e9 vendredi, conna\u00eet une affluence record sur fond de crise. Si la fin 2021 est catastrophique, 2022 s\u2019annonce encombr\u00e9e, donc \u00e0 hauts risques, tant vont se concentrer tous les concerts report\u00e9s. Source \/ Lire la suite : Vers un grand embouteillage de concerts l\u2019an prochain L\u2019article Vers un grand embouteillage de concerts l\u2019an prochain est apparu en premier sur POP B\u00dcRO.<\/p>\n","protected":false},"author":0,"featured_media":0,"comment_status":"closed","ping_status":"open","sticky":false,"template":"","format":"standard","meta":{"footnotes":""},"categories":[1],"tags":[],"class_list":["post-1054","post","type-post","status-publish","format-standard","hentry","category-non-classe"],"yoast_head":"<!-- This site is optimized with the Yoast SEO plugin v27.5 - https:\/\/yoast.com\/product\/yoast-seo-wordpress\/ -->\n<title>Vers un grand embouteillage de concerts l\u2019an prochain - HIERO STRASBOURG<\/title>\n<meta name=\"robots\" content=\"index, follow, max-snippet:-1, max-image-preview:large, max-video-preview:-1\" \/>\n<link rel=\"canonical\" href=\"https:\/\/hierostrasbourg.com\/index.php\/2021\/10\/16\/vers-un-grand-embouteillage-de-concerts-lan-prochain\/\" \/>\n<meta property=\"og:locale\" content=\"fr_FR\" \/>\n<meta property=\"og:type\" content=\"article\" \/>\n<meta property=\"og:title\" content=\"Vers un grand embouteillage de concerts l\u2019an prochain - HIERO STRASBOURG\" \/>\n<meta property=\"og:description\" content=\"Le MaMA, le salon du March\u00e9 des Musiques Actuelles qui s\u2019est achev\u00e9 vendredi, conna\u00eet une affluence record sur fond de crise. Si la fin 2021 est catastrophique, 2022 s\u2019annonce encombr\u00e9e, donc \u00e0 hauts risques, tant vont se concentrer tous les concerts report\u00e9s. Source \/ Lire la suite : Vers un grand embouteillage de concerts l\u2019an prochain L\u2019article Vers un grand embouteillage de concerts l\u2019an prochain est apparu en premier sur POP B\u00dcRO.\" \/>\n<meta property=\"og:url\" content=\"https:\/\/hierostrasbourg.com\/index.php\/2021\/10\/16\/vers-un-grand-embouteillage-de-concerts-lan-prochain\/\" \/>\n<meta property=\"og:site_name\" content=\"HIERO STRASBOURG\" \/>\n<meta property=\"article:publisher\" content=\"https:\/\/www.facebook.com\/fedehierostrasbourg\" \/>\n<meta property=\"article:published_time\" content=\"2021-10-16T12:22:10+00:00\" \/>\n<meta name=\"twitter:card\" content=\"summary_large_image\" \/>\n<meta name=\"twitter:creator\" content=\"@hierostrasbourg\" \/>\n<meta name=\"twitter:site\" content=\"@hierostrasbourg\" \/>\n<script type=\"application\/ld+json\" class=\"yoast-schema-graph\">{\"@context\":\"https:\\\/\\\/schema.org\",\"@graph\":[{\"@type\":\"Article\",\"@id\":\"https:\\\/\\\/hierostrasbourg.com\\\/index.php\\\/2021\\\/10\\\/16\\\/vers-un-grand-embouteillage-de-concerts-lan-prochain\\\/#article\",\"isPartOf\":{\"@id\":\"https:\\\/\\\/hierostrasbourg.com\\\/index.php\\\/2021\\\/10\\\/16\\\/vers-un-grand-embouteillage-de-concerts-lan-prochain\\\/\"},\"author\":{\"name\":\"\",\"@id\":\"\"},\"headline\":\"Vers un grand embouteillage de concerts l\u2019an prochain\",\"datePublished\":\"2021-10-16T12:22:10+00:00\",\"mainEntityOfPage\":{\"@id\":\"https:\\\/\\\/hierostrasbourg.com\\\/index.php\\\/2021\\\/10\\\/16\\\/vers-un-grand-embouteillage-de-concerts-lan-prochain\\\/\"},\"wordCount\":85,\"publisher\":{\"@id\":\"https:\\\/\\\/hierostrasbourg.com\\\/#organization\"},\"inLanguage\":\"fr-FR\"},{\"@type\":\"WebPage\",\"@id\":\"https:\\\/\\\/hierostrasbourg.com\\\/index.php\\\/2021\\\/10\\\/16\\\/vers-un-grand-embouteillage-de-concerts-lan-prochain\\\/\",\"url\":\"https:\\\/\\\/hierostrasbourg.com\\\/index.php\\\/2021\\\/10\\\/16\\\/vers-un-grand-embouteillage-de-concerts-lan-prochain\\\/\",\"name\":\"Vers un grand embouteillage de concerts l\u2019an prochain - HIERO STRASBOURG\",\"isPartOf\":{\"@id\":\"https:\\\/\\\/hierostrasbourg.com\\\/#website\"},\"datePublished\":\"2021-10-16T12:22:10+00:00\",\"breadcrumb\":{\"@id\":\"https:\\\/\\\/hierostrasbourg.com\\\/index.php\\\/2021\\\/10\\\/16\\\/vers-un-grand-embouteillage-de-concerts-lan-prochain\\\/#breadcrumb\"},\"inLanguage\":\"fr-FR\",\"potentialAction\":[{\"@type\":\"ReadAction\",\"target\":[\"https:\\\/\\\/hierostrasbourg.com\\\/index.php\\\/2021\\\/10\\\/16\\\/vers-un-grand-embouteillage-de-concerts-lan-prochain\\\/\"]}]},{\"@type\":\"BreadcrumbList\",\"@id\":\"https:\\\/\\\/hierostrasbourg.com\\\/index.php\\\/2021\\\/10\\\/16\\\/vers-un-grand-embouteillage-de-concerts-lan-prochain\\\/#breadcrumb\",\"itemListElement\":[{\"@type\":\"ListItem\",\"position\":1,\"name\":\"Accueil\",\"item\":\"https:\\\/\\\/hierostrasbourg.com\\\/\"},{\"@type\":\"ListItem\",\"position\":2,\"name\":\"Vers un grand embouteillage de concerts l\u2019an prochain\"}]},{\"@type\":\"WebSite\",\"@id\":\"https:\\\/\\\/hierostrasbourg.com\\\/#website\",\"url\":\"https:\\\/\\\/hierostrasbourg.com\\\/\",\"name\":\"HIERO STRASBOURG\",\"description\":\"Centre de Ressources Musiques Actuelles\",\"publisher\":{\"@id\":\"https:\\\/\\\/hierostrasbourg.com\\\/#organization\"},\"potentialAction\":[{\"@type\":\"SearchAction\",\"target\":{\"@type\":\"EntryPoint\",\"urlTemplate\":\"https:\\\/\\\/hierostrasbourg.com\\\/?s={search_term_string}\"},\"query-input\":{\"@type\":\"PropertyValueSpecification\",\"valueRequired\":true,\"valueName\":\"search_term_string\"}}],\"inLanguage\":\"fr-FR\"},{\"@type\":\"Organization\",\"@id\":\"https:\\\/\\\/hierostrasbourg.com\\\/#organization\",\"name\":\"F\u00e9d\u00e9ration Hi\u00e9ro Strasbourg\",\"url\":\"https:\\\/\\\/hierostrasbourg.com\\\/\",\"logo\":{\"@type\":\"ImageObject\",\"inLanguage\":\"fr-FR\",\"@id\":\"https:\\\/\\\/hierostrasbourg.com\\\/#\\\/schema\\\/logo\\\/image\\\/\",\"url\":\"https:\\\/\\\/hierostrasbourg.com\\\/wp-content\\\/uploads\\\/2026\\\/04\\\/logo-hiero-strasbourg.jpg\",\"contentUrl\":\"https:\\\/\\\/hierostrasbourg.com\\\/wp-content\\\/uploads\\\/2026\\\/04\\\/logo-hiero-strasbourg.jpg\",\"width\":204,\"height\":192,\"caption\":\"F\u00e9d\u00e9ration Hi\u00e9ro Strasbourg\"},\"image\":{\"@id\":\"https:\\\/\\\/hierostrasbourg.com\\\/#\\\/schema\\\/logo\\\/image\\\/\"},\"sameAs\":[\"https:\\\/\\\/www.facebook.com\\\/fedehierostrasbourg\",\"https:\\\/\\\/x.com\\\/hierostrasbourg\"]}]}<\/script>\n<!-- \/ Yoast SEO plugin. -->","yoast_head_json":{"title":"Vers un grand embouteillage de concerts l\u2019an prochain - HIERO STRASBOURG","robots":{"index":"index","follow":"follow","max-snippet":"max-snippet:-1","max-image-preview":"max-image-preview:large","max-video-preview":"max-video-preview:-1"},"canonical":"https:\/\/hierostrasbourg.com\/index.php\/2021\/10\/16\/vers-un-grand-embouteillage-de-concerts-lan-prochain\/","og_locale":"fr_FR","og_type":"article","og_title":"Vers un grand embouteillage de concerts l\u2019an prochain - HIERO STRASBOURG","og_description":"Le MaMA, le salon du March\u00e9 des Musiques Actuelles qui s\u2019est achev\u00e9 vendredi, conna\u00eet une affluence record sur fond de crise. Si la fin 2021 est catastrophique, 2022 s\u2019annonce encombr\u00e9e, donc \u00e0 hauts risques, tant vont se concentrer tous les concerts report\u00e9s. Source \/ Lire la suite : Vers un grand embouteillage de concerts l\u2019an prochain L\u2019article Vers un grand embouteillage de concerts l\u2019an prochain est apparu en premier sur POP B\u00dcRO.","og_url":"https:\/\/hierostrasbourg.com\/index.php\/2021\/10\/16\/vers-un-grand-embouteillage-de-concerts-lan-prochain\/","og_site_name":"HIERO STRASBOURG","article_publisher":"https:\/\/www.facebook.com\/fedehierostrasbourg","article_published_time":"2021-10-16T12:22:10+00:00","twitter_card":"summary_large_image","twitter_creator":"@hierostrasbourg","twitter_site":"@hierostrasbourg","schema":{"@context":"https:\/\/schema.org","@graph":[{"@type":"Article","@id":"https:\/\/hierostrasbourg.com\/index.php\/2021\/10\/16\/vers-un-grand-embouteillage-de-concerts-lan-prochain\/#article","isPartOf":{"@id":"https:\/\/hierostrasbourg.com\/index.php\/2021\/10\/16\/vers-un-grand-embouteillage-de-concerts-lan-prochain\/"},"author":{"name":"","@id":""},"headline":"Vers un grand embouteillage de concerts l\u2019an prochain","datePublished":"2021-10-16T12:22:10+00:00","mainEntityOfPage":{"@id":"https:\/\/hierostrasbourg.com\/index.php\/2021\/10\/16\/vers-un-grand-embouteillage-de-concerts-lan-prochain\/"},"wordCount":85,"publisher":{"@id":"https:\/\/hierostrasbourg.com\/#organization"},"inLanguage":"fr-FR"},{"@type":"WebPage","@id":"https:\/\/hierostrasbourg.com\/index.php\/2021\/10\/16\/vers-un-grand-embouteillage-de-concerts-lan-prochain\/","url":"https:\/\/hierostrasbourg.com\/index.php\/2021\/10\/16\/vers-un-grand-embouteillage-de-concerts-lan-prochain\/","name":"Vers un grand embouteillage de concerts l\u2019an prochain - HIERO STRASBOURG","isPartOf":{"@id":"https:\/\/hierostrasbourg.com\/#website"},"datePublished":"2021-10-16T12:22:10+00:00","breadcrumb":{"@id":"https:\/\/hierostrasbourg.com\/index.php\/2021\/10\/16\/vers-un-grand-embouteillage-de-concerts-lan-prochain\/#breadcrumb"},"inLanguage":"fr-FR","potentialAction":[{"@type":"ReadAction","target":["https:\/\/hierostrasbourg.com\/index.php\/2021\/10\/16\/vers-un-grand-embouteillage-de-concerts-lan-prochain\/"]}]},{"@type":"BreadcrumbList","@id":"https:\/\/hierostrasbourg.com\/index.php\/2021\/10\/16\/vers-un-grand-embouteillage-de-concerts-lan-prochain\/#breadcrumb","itemListElement":[{"@type":"ListItem","position":1,"name":"Accueil","item":"https:\/\/hierostrasbourg.com\/"},{"@type":"ListItem","position":2,"name":"Vers un grand embouteillage de concerts l\u2019an prochain"}]},{"@type":"WebSite","@id":"https:\/\/hierostrasbourg.com\/#website","url":"https:\/\/hierostrasbourg.com\/","name":"HIERO STRASBOURG","description":"Centre de Ressources Musiques Actuelles","publisher":{"@id":"https:\/\/hierostrasbourg.com\/#organization"},"potentialAction":[{"@type":"SearchAction","target":{"@type":"EntryPoint","urlTemplate":"https:\/\/hierostrasbourg.com\/?s={search_term_string}"},"query-input":{"@type":"PropertyValueSpecification","valueRequired":true,"valueName":"search_term_string"}}],"inLanguage":"fr-FR"},{"@type":"Organization","@id":"https:\/\/hierostrasbourg.com\/#organization","name":"F\u00e9d\u00e9ration Hi\u00e9ro Strasbourg","url":"https:\/\/hierostrasbourg.com\/","logo":{"@type":"ImageObject","inLanguage":"fr-FR","@id":"https:\/\/hierostrasbourg.com\/#\/schema\/logo\/image\/","url":"https:\/\/hierostrasbourg.com\/wp-content\/uploads\/2026\/04\/logo-hiero-strasbourg.jpg","contentUrl":"https:\/\/hierostrasbourg.com\/wp-content\/uploads\/2026\/04\/logo-hiero-strasbourg.jpg","width":204,"height":192,"caption":"F\u00e9d\u00e9ration Hi\u00e9ro Strasbourg"},"image":{"@id":"https:\/\/hierostrasbourg.com\/#\/schema\/logo\/image\/"},"sameAs":["https:\/\/www.facebook.com\/fedehierostrasbourg","https:\/\/x.com\/hierostrasbourg"]}]}},"_links":{"self":[{"href":"https:\/\/hierostrasbourg.com\/index.php\/wp-json\/wp\/v2\/posts\/1054","targetHints":{"allow":["GET"]}}],"collection":[{"href":"https:\/\/hierostrasbourg.com\/index.php\/wp-json\/wp\/v2\/posts"}],"about":[{"href":"https:\/\/hierostrasbourg.com\/index.php\/wp-json\/wp\/v2\/types\/post"}],"replies":[{"embeddable":true,"href":"https:\/\/hierostrasbourg.com\/index.php\/wp-json\/wp\/v2\/comments?post=1054"}],"version-history":[{"count":0,"href":"https:\/\/hierostrasbourg.com\/index.php\/wp-json\/wp\/v2\/posts\/1054\/revisions"}],"wp:attachment":[{"href":"https:\/\/hierostrasbourg.com\/index.php\/wp-json\/wp\/v2\/media?parent=1054"}],"wp:term":[{"taxonomy":"category","embeddable":true,"href":"https:\/\/hierostrasbourg.com\/index.php\/wp-json\/wp\/v2\/categories?post=1054"},{"taxonomy":"post_tag","embeddable":true,"href":"https:\/\/hierostrasbourg.com\/index.php\/wp-json\/wp\/v2\/tags?post=1054"}],"curies":[{"name":"wp","href":"https:\/\/api.w.org\/{rel}","templated":true}]}}