{"id":1048,"date":"2021-10-14T21:21:41","date_gmt":"2021-10-14T19:21:41","guid":{"rendered":"https:\/\/hierostrasbourg.com\/index.php\/2021\/10\/14\/art-rhena-volgelsheim-recrute-un-responsable-technique-f-h\/"},"modified":"2021-10-14T21:21:41","modified_gmt":"2021-10-14T19:21:41","slug":"art-rhena-volgelsheim-recrute-un-responsable-technique-f-h","status":"publish","type":"post","link":"https:\/\/hierostrasbourg.com\/index.php\/2021\/10\/14\/art-rhena-volgelsheim-recrute-un-responsable-technique-f-h\/","title":{"rendered":"ART RHENA [Volgelsheim] recrute un responsable technique [F\/H]"},"content":{"rendered":"<p>Aux c\u00f4t\u00e9s de la responsable du Centre culturel franco-allemand et sous sa direction, assurer la mise en \u0153uvre et la p\u00e9rennit\u00e9 des dispositifs techniques n\u00e9cessaires \u00e0 la conduite des spectacles ou des \u00e9v\u00e9nements du Centre culturel et le pilotage et suivi des \u00e9quipes techniques, dans le respect du cadre budg\u00e9taire pr\u00e9vu, et en r\u00e9ponse aux exigences de s\u00e9curit\u00e9, aux demandes des artistes et aux fiches techniques des spectacles.<\/p>\n<p>R\u00e9aliser et coordonner les \u00e9tudes techniques pr\u00e9alables \u00e0 la r\u00e9alisation d\u2019un spectacle ou d\u2019un \u00e9v\u00e8nement,<br \/>\nEtablir la pr\u00e9paration technique d\u2019un lieu sc\u00e9nique en vue de recevoir un spectacle,<br \/>\nOrganiser l\u2019accueil des intervenants,<br \/>\nCoordonner la s\u00e9curit\u00e9 du spectacle ou de l\u2019\u00e9v\u00e8nement,<br \/>\nContr\u00f4ler la conformit\u00e9 du b\u00e2timent et des installations en termes de s\u00e9curit\u00e9,<br \/>\nAnimer et encadrer une \u00e9quipe de techniciens du spectacle \u00e0 effectifs variables,<br \/>\nFavoriser les relations avec le public,<\/p>\n<h2>Missions<\/h2>\n<p><strong>R\u00e9aliser et coordonner les \u00e9tudes techniques pr\u00e9alables \u00e0 la r\u00e9alisation d\u2019un spectacle ou d\u2019un \u00e9v\u00e8nement en salle et en espace public<\/strong><\/p>\n<p>Analyser les demandes et les besoins des organisateurs et des artistes, et les confronter aux contraintes, fonctionnalit\u00e9s et conditions d\u2019\u00e9quipement du lieu ou de l\u2019espace ;<br \/>\nInstruire des \u00e9tudes techniques de faisabilit\u00e9 et les traduire en fiches techniques ;<br \/>\nConcevoir un plan d\u2019implantation et recenser les mat\u00e9riels n\u00e9cessaires \u00e0 l\u2019\u00e9quipement du lieu d\u2019accueil ;<br \/>\nEvaluer et proposer des solutions optimisant les ressources humaines, les moyens \u00e9conomiques et mat\u00e9riels.<br \/>\n\u00c9laboration et suivi d\u2019un budget<\/p>\n<p>\n<strong>Etablir la pr\u00e9paration technique d\u2019un lieu sc\u00e9nique ou dans l\u2019espace public en vue de recevoir un spectacle ou d\u2019organiser un \u00e9v\u00e8nement<\/strong><\/p>\n<p>Organisation, planification et coordination : \u00e9tudes des fiches techniques et plans, contacts et \u00e9changes de donn\u00e9es techniques avec les artistes, les productions, voire les tourneurs ;<br \/>\nOrganiser la logistique de chaque projet, du planning g\u00e9n\u00e9ral dans ses aspects techniques (cr\u00e9ation de plannings de montage et d\u00e9montage pour chaque spectacle) ;<br \/>\nGarantir le bon fonctionnement et la conformit\u00e9 des installations (d\u00e9montage, contr\u00f4le et rangement) ;<br \/>\nCoordonner les interventions des techniciens et contr\u00f4ler l\u2019application des r\u00e8gles de travail, d\u2019hygi\u00e8ne et de s\u00e9curit\u00e9 ;<br \/>\nMettre en ad\u00e9quation les besoins et les capacit\u00e9s techniques dans le respect de l\u2019esprit du spectacle ;<br \/>\nMettre \u00e0 jour les fiches techniques ;<\/p>\n<p><strong>Organiser l\u2019accueil des intervenants<\/strong><\/p>\n<p>Coordonner et organiser l\u2019accueil des techniciens, des artistes du spectacle et du mat\u00e9riel n\u00e9cessaire \u00e0 l\u2019organisation technique dans le cadre budg\u00e9taire imparti ;<br \/>\nAccueil des artistes, des techniciens, des associations et du public en collaboration avec l\u2019\u00e9quipe ;<br \/>\nExpliquer les particularit\u00e9s techniques et les fonctionnalit\u00e9s du lieu d\u2019accueil ;<br \/>\nR\u00e9guler les relations entre l\u2019\u00e9quipe technique et les personnes accueillies.<\/p>\n<p><strong>Coordonner la s\u00e9curit\u00e9 du spectacle ou de l\u2019\u00e9v\u00e8nement<\/strong><\/p>\n<p>Appliquer et faire appliquer les consignes de mise en s\u00e9curit\u00e9 d\u2019un spectacle ou d\u2019un \u00e9v\u00e8nement ;<br \/>\nV\u00e9rifier les installations et leur conformit\u00e9 et r\u00e9aliser des visites p\u00e9riodiques de contr\u00f4le ;<br \/>\nContr\u00f4ler avec le responsable technique les diff\u00e9rentes qualifications et habilitations des agents et des intervenants plac\u00e9s sous sa responsabilit\u00e9.<br \/>\nAlerter la hi\u00e9rarchie sur les risques inh\u00e9rents \u00e0 l\u2019accueil de certains spectacles.<br \/>\nContr\u00f4ler la conformit\u00e9 du b\u00e2timent et des installations en termes de s\u00e9curit\u00e9<br \/>\nAssurer la gestion de la s\u00e9curit\u00e9 de l\u2019\u00e9quipement, tenir les registres de s\u00e9curit\u00e9 de l\u2019\u00e9tablissement.<br \/>\nParticiper \u00e0 la gestion du b\u00e2timent en lien avec la hi\u00e9rarchie : veiller \u00e0 l\u2019entretien du b\u00e2timent et des \u00e9quipements, optimiser sa gestion, d\u00e9finir les besoins en \u00e9quipements et mat\u00e9riels, organiser sa mise \u00e0 disposition (association, entreprises, \u00e9cole de musique etc\u2026).<\/p>\n<p><strong>Animer et encadrer une \u00e9quipe de techniciens du spectacle \u00e0 effectifs variables<\/strong><\/p>\n<p>Elaboration des plannings et des postes. Fait respecter les d\u00e9lais et plannings ;<br \/>\nSuivi administratif des contrats des techniciens et des intervenants en lien avec la charg\u00e9e d\u2019administration et le service RH ;<br \/>\nEvaluation des besoins en personnel selon le planning et le taux de remplissage de la salle.<\/p>\n<p><strong>Favoriser les relations avec le public<\/strong><\/p>\n<p>Accueillir, orienter et informer le public en lien avec les autres personnels du lieu ;<br \/>\nVeiller au confort d\u2019\u00e9coute et de vision du public ;<br \/>\nSuperviser l\u2019application des consignes de s\u00e9curit\u00e9 et l\u2019\u00e9vacuation des lieux d\u2019accueil en cas d\u2019urgence ;<br \/>\nIntervenir avec tact aupr\u00e8s d\u2019une personne agissant au d\u00e9triment de sa s\u00e9curit\u00e9 et de celle des autres.<\/p>\n<p><strong>Assurer, dans la mesure du possible, une partie des r\u00e9gies l\u00e9g\u00e8res et une partie de la maintenance du mat\u00e9riel technique et dans le b\u00e2timent, (lumi\u00e8re, son, plateau, vid\u00e9o).<\/strong><\/p>\n<h2>\nProfils recherch\u00e9s<\/h2>\n<p>Maitriser parfaitement les langues fran\u00e7aise (oral et \u00e9crit) et allemande et \u00e0 d\u00e9faut l\u2019anglais<br \/>\nFormation Bac + 3 dans l\u2019un des instituts de formation de technique (CFPTS, ISTS,\u2026) ou autre qualification avec exp\u00e9rience significative (10 ans minimum).<br \/>\nMa\u00eetrise des techniques son, lumi\u00e8re, plateau<br \/>\nMa\u00eetrise des logiciels et mat\u00e9riels informatiques sp\u00e9cialis\u00e9s (son, lumi\u00e8re asservie\u2026), de la r\u00e9gie ext\u00e9rieure<br \/>\nMa\u00eetrise des r\u00e8glements contre les risques d\u2019incendie et de panique dans les ERP<br \/>\nHabilitation \u00e9lectrique souhait\u00e9e (BR)<br \/>\nHabilitation de conduite (nacelle)<br \/>\nHabilitation accroche et levage SSIAP1<\/p>\n<h3>Savoir-\u00eatre<\/h3>\n<p>Rigueur, organisation, r\u00e9activit\u00e9<br \/>\nDisponibilit\u00e9, Autonomie, Polyvalence,<br \/>\nDonner une image positive de la collectivit\u00e9 et de l\u2019\u00e9tablissement<\/p>\n<h3>Savoir-faire<\/h3>\n<p>Animer et f\u00e9d\u00e9rer une \u00e9quipe<\/p>\n<p>Temps de travail : 35h00 hebdomadaire<br \/>\nPoste \u00e0 pourvoir le 01\/01\/2022<br \/>\nDate limite de candidature : 15\/11\/2021<\/p>\n<p>COM. COM. PAYS RHIN \u2013 BRISACH<br \/>\n16 rue de Neuf-Brisach \u2013 BP 20045<br \/>\n68600 VOLGELSHEIM<\/p>\n<p><a class=\"maxbutton-1 maxbutton maxbutton-inscription\" href=\"https:\/\/www.emploi-territorial.fr\/candidature\/o068211000426028-responsable-technique-art-rhena\"><span class=\"mb-text\">POSTULER<\/span><\/a><\/p>\n<p>L\u2019article <a href=\"https:\/\/popburo.fr\/art-rhena-volgelsheim-recrute-un-responsable-technique-f-h\/\">ART RHENA [Volgelsheim] recrute un responsable technique [F\/H]<\/a> est apparu en premier sur <a href=\"https:\/\/popburo.fr\/\">POP B\u00dcRO<\/a>.<\/p>\n","protected":false},"excerpt":{"rendered":"<p>Aux c\u00f4t\u00e9s de la responsable du Centre culturel franco-allemand et sous sa direction, assurer la mise en \u0153uvre et la p\u00e9rennit\u00e9 des dispositifs techniques n\u00e9cessaires \u00e0 la conduite des spectacles ou des \u00e9v\u00e9nements du Centre culturel et le pilotage et suivi des \u00e9quipes techniques, dans le respect du cadre budg\u00e9taire pr\u00e9vu, et en r\u00e9ponse aux exigences de s\u00e9curit\u00e9, aux demandes des artistes et aux fiches techniques des spectacles. R\u00e9aliser et coordonner les \u00e9tudes techniques pr\u00e9alables \u00e0 la r\u00e9alisation d\u2019un spectacle [&hellip;]<\/p>\n","protected":false},"author":0,"featured_media":0,"comment_status":"closed","ping_status":"open","sticky":false,"template":"","format":"standard","meta":{"footnotes":""},"categories":[1],"tags":[],"class_list":["post-1048","post","type-post","status-publish","format-standard","hentry","category-non-classe"],"yoast_head":"<!-- This site is optimized with the Yoast SEO plugin v27.5 - https:\/\/yoast.com\/product\/yoast-seo-wordpress\/ -->\n<title>ART RHENA [Volgelsheim] recrute un responsable technique [F\/H] - HIERO STRASBOURG<\/title>\n<meta name=\"robots\" content=\"index, follow, max-snippet:-1, max-image-preview:large, max-video-preview:-1\" \/>\n<link rel=\"canonical\" href=\"https:\/\/hierostrasbourg.com\/index.php\/2021\/10\/14\/art-rhena-volgelsheim-recrute-un-responsable-technique-f-h\/\" \/>\n<meta property=\"og:locale\" content=\"fr_FR\" \/>\n<meta property=\"og:type\" content=\"article\" \/>\n<meta property=\"og:title\" content=\"ART RHENA [Volgelsheim] recrute un responsable technique [F\/H] - HIERO STRASBOURG\" \/>\n<meta property=\"og:description\" content=\"Aux c\u00f4t\u00e9s de la responsable du Centre culturel franco-allemand et sous sa direction, assurer la mise en \u0153uvre et la p\u00e9rennit\u00e9 des dispositifs techniques n\u00e9cessaires \u00e0 la conduite des spectacles ou des \u00e9v\u00e9nements du Centre culturel et le pilotage et suivi des \u00e9quipes techniques, dans le respect du cadre budg\u00e9taire pr\u00e9vu, et en r\u00e9ponse aux exigences de s\u00e9curit\u00e9, aux demandes des artistes et aux fiches techniques des spectacles. R\u00e9aliser et coordonner les \u00e9tudes techniques pr\u00e9alables \u00e0 la r\u00e9alisation d\u2019un spectacle [&hellip;]\" \/>\n<meta property=\"og:url\" content=\"https:\/\/hierostrasbourg.com\/index.php\/2021\/10\/14\/art-rhena-volgelsheim-recrute-un-responsable-technique-f-h\/\" \/>\n<meta property=\"og:site_name\" content=\"HIERO STRASBOURG\" \/>\n<meta property=\"article:publisher\" content=\"https:\/\/www.facebook.com\/fedehierostrasbourg\" \/>\n<meta property=\"article:published_time\" content=\"2021-10-14T19:21:41+00:00\" \/>\n<meta name=\"twitter:card\" content=\"summary_large_image\" \/>\n<meta name=\"twitter:creator\" content=\"@hierostrasbourg\" \/>\n<meta name=\"twitter:site\" content=\"@hierostrasbourg\" \/>\n<meta name=\"twitter:label1\" content=\"Dur\u00e9e de lecture estim\u00e9e\" \/>\n\t<meta name=\"twitter:data1\" content=\"5 minutes\" \/>\n<script type=\"application\/ld+json\" class=\"yoast-schema-graph\">{\"@context\":\"https:\\\/\\\/schema.org\",\"@graph\":[{\"@type\":\"Article\",\"@id\":\"https:\\\/\\\/hierostrasbourg.com\\\/index.php\\\/2021\\\/10\\\/14\\\/art-rhena-volgelsheim-recrute-un-responsable-technique-f-h\\\/#article\",\"isPartOf\":{\"@id\":\"https:\\\/\\\/hierostrasbourg.com\\\/index.php\\\/2021\\\/10\\\/14\\\/art-rhena-volgelsheim-recrute-un-responsable-technique-f-h\\\/\"},\"author\":{\"name\":\"\",\"@id\":\"\"},\"headline\":\"ART RHENA [Volgelsheim] recrute un responsable technique [F\\\/H]\",\"datePublished\":\"2021-10-14T19:21:41+00:00\",\"mainEntityOfPage\":{\"@id\":\"https:\\\/\\\/hierostrasbourg.com\\\/index.php\\\/2021\\\/10\\\/14\\\/art-rhena-volgelsheim-recrute-un-responsable-technique-f-h\\\/\"},\"wordCount\":982,\"publisher\":{\"@id\":\"https:\\\/\\\/hierostrasbourg.com\\\/#organization\"},\"inLanguage\":\"fr-FR\"},{\"@type\":\"WebPage\",\"@id\":\"https:\\\/\\\/hierostrasbourg.com\\\/index.php\\\/2021\\\/10\\\/14\\\/art-rhena-volgelsheim-recrute-un-responsable-technique-f-h\\\/\",\"url\":\"https:\\\/\\\/hierostrasbourg.com\\\/index.php\\\/2021\\\/10\\\/14\\\/art-rhena-volgelsheim-recrute-un-responsable-technique-f-h\\\/\",\"name\":\"ART RHENA [Volgelsheim] recrute un responsable technique [F\\\/H] - HIERO STRASBOURG\",\"isPartOf\":{\"@id\":\"https:\\\/\\\/hierostrasbourg.com\\\/#website\"},\"datePublished\":\"2021-10-14T19:21:41+00:00\",\"breadcrumb\":{\"@id\":\"https:\\\/\\\/hierostrasbourg.com\\\/index.php\\\/2021\\\/10\\\/14\\\/art-rhena-volgelsheim-recrute-un-responsable-technique-f-h\\\/#breadcrumb\"},\"inLanguage\":\"fr-FR\",\"potentialAction\":[{\"@type\":\"ReadAction\",\"target\":[\"https:\\\/\\\/hierostrasbourg.com\\\/index.php\\\/2021\\\/10\\\/14\\\/art-rhena-volgelsheim-recrute-un-responsable-technique-f-h\\\/\"]}]},{\"@type\":\"BreadcrumbList\",\"@id\":\"https:\\\/\\\/hierostrasbourg.com\\\/index.php\\\/2021\\\/10\\\/14\\\/art-rhena-volgelsheim-recrute-un-responsable-technique-f-h\\\/#breadcrumb\",\"itemListElement\":[{\"@type\":\"ListItem\",\"position\":1,\"name\":\"Accueil\",\"item\":\"https:\\\/\\\/hierostrasbourg.com\\\/\"},{\"@type\":\"ListItem\",\"position\":2,\"name\":\"ART RHENA [Volgelsheim] recrute un responsable technique [F\\\/H]\"}]},{\"@type\":\"WebSite\",\"@id\":\"https:\\\/\\\/hierostrasbourg.com\\\/#website\",\"url\":\"https:\\\/\\\/hierostrasbourg.com\\\/\",\"name\":\"HIERO STRASBOURG\",\"description\":\"Centre de Ressources Musiques Actuelles\",\"publisher\":{\"@id\":\"https:\\\/\\\/hierostrasbourg.com\\\/#organization\"},\"potentialAction\":[{\"@type\":\"SearchAction\",\"target\":{\"@type\":\"EntryPoint\",\"urlTemplate\":\"https:\\\/\\\/hierostrasbourg.com\\\/?s={search_term_string}\"},\"query-input\":{\"@type\":\"PropertyValueSpecification\",\"valueRequired\":true,\"valueName\":\"search_term_string\"}}],\"inLanguage\":\"fr-FR\"},{\"@type\":\"Organization\",\"@id\":\"https:\\\/\\\/hierostrasbourg.com\\\/#organization\",\"name\":\"F\u00e9d\u00e9ration Hi\u00e9ro Strasbourg\",\"url\":\"https:\\\/\\\/hierostrasbourg.com\\\/\",\"logo\":{\"@type\":\"ImageObject\",\"inLanguage\":\"fr-FR\",\"@id\":\"https:\\\/\\\/hierostrasbourg.com\\\/#\\\/schema\\\/logo\\\/image\\\/\",\"url\":\"https:\\\/\\\/hierostrasbourg.com\\\/wp-content\\\/uploads\\\/2026\\\/04\\\/logo-hiero-strasbourg.jpg\",\"contentUrl\":\"https:\\\/\\\/hierostrasbourg.com\\\/wp-content\\\/uploads\\\/2026\\\/04\\\/logo-hiero-strasbourg.jpg\",\"width\":204,\"height\":192,\"caption\":\"F\u00e9d\u00e9ration Hi\u00e9ro Strasbourg\"},\"image\":{\"@id\":\"https:\\\/\\\/hierostrasbourg.com\\\/#\\\/schema\\\/logo\\\/image\\\/\"},\"sameAs\":[\"https:\\\/\\\/www.facebook.com\\\/fedehierostrasbourg\",\"https:\\\/\\\/x.com\\\/hierostrasbourg\"]}]}<\/script>\n<!-- \/ Yoast SEO plugin. -->","yoast_head_json":{"title":"ART RHENA [Volgelsheim] recrute un responsable technique [F\/H] - HIERO STRASBOURG","robots":{"index":"index","follow":"follow","max-snippet":"max-snippet:-1","max-image-preview":"max-image-preview:large","max-video-preview":"max-video-preview:-1"},"canonical":"https:\/\/hierostrasbourg.com\/index.php\/2021\/10\/14\/art-rhena-volgelsheim-recrute-un-responsable-technique-f-h\/","og_locale":"fr_FR","og_type":"article","og_title":"ART RHENA [Volgelsheim] recrute un responsable technique [F\/H] - HIERO STRASBOURG","og_description":"Aux c\u00f4t\u00e9s de la responsable du Centre culturel franco-allemand et sous sa direction, assurer la mise en \u0153uvre et la p\u00e9rennit\u00e9 des dispositifs techniques n\u00e9cessaires \u00e0 la conduite des spectacles ou des \u00e9v\u00e9nements du Centre culturel et le pilotage et suivi des \u00e9quipes techniques, dans le respect du cadre budg\u00e9taire pr\u00e9vu, et en r\u00e9ponse aux exigences de s\u00e9curit\u00e9, aux demandes des artistes et aux fiches techniques des spectacles. R\u00e9aliser et coordonner les \u00e9tudes techniques pr\u00e9alables \u00e0 la r\u00e9alisation d\u2019un spectacle [&hellip;]","og_url":"https:\/\/hierostrasbourg.com\/index.php\/2021\/10\/14\/art-rhena-volgelsheim-recrute-un-responsable-technique-f-h\/","og_site_name":"HIERO STRASBOURG","article_publisher":"https:\/\/www.facebook.com\/fedehierostrasbourg","article_published_time":"2021-10-14T19:21:41+00:00","twitter_card":"summary_large_image","twitter_creator":"@hierostrasbourg","twitter_site":"@hierostrasbourg","twitter_misc":{"Dur\u00e9e de lecture estim\u00e9e":"5 minutes"},"schema":{"@context":"https:\/\/schema.org","@graph":[{"@type":"Article","@id":"https:\/\/hierostrasbourg.com\/index.php\/2021\/10\/14\/art-rhena-volgelsheim-recrute-un-responsable-technique-f-h\/#article","isPartOf":{"@id":"https:\/\/hierostrasbourg.com\/index.php\/2021\/10\/14\/art-rhena-volgelsheim-recrute-un-responsable-technique-f-h\/"},"author":{"name":"","@id":""},"headline":"ART RHENA [Volgelsheim] recrute un responsable technique [F\/H]","datePublished":"2021-10-14T19:21:41+00:00","mainEntityOfPage":{"@id":"https:\/\/hierostrasbourg.com\/index.php\/2021\/10\/14\/art-rhena-volgelsheim-recrute-un-responsable-technique-f-h\/"},"wordCount":982,"publisher":{"@id":"https:\/\/hierostrasbourg.com\/#organization"},"inLanguage":"fr-FR"},{"@type":"WebPage","@id":"https:\/\/hierostrasbourg.com\/index.php\/2021\/10\/14\/art-rhena-volgelsheim-recrute-un-responsable-technique-f-h\/","url":"https:\/\/hierostrasbourg.com\/index.php\/2021\/10\/14\/art-rhena-volgelsheim-recrute-un-responsable-technique-f-h\/","name":"ART RHENA [Volgelsheim] recrute un responsable technique [F\/H] - HIERO STRASBOURG","isPartOf":{"@id":"https:\/\/hierostrasbourg.com\/#website"},"datePublished":"2021-10-14T19:21:41+00:00","breadcrumb":{"@id":"https:\/\/hierostrasbourg.com\/index.php\/2021\/10\/14\/art-rhena-volgelsheim-recrute-un-responsable-technique-f-h\/#breadcrumb"},"inLanguage":"fr-FR","potentialAction":[{"@type":"ReadAction","target":["https:\/\/hierostrasbourg.com\/index.php\/2021\/10\/14\/art-rhena-volgelsheim-recrute-un-responsable-technique-f-h\/"]}]},{"@type":"BreadcrumbList","@id":"https:\/\/hierostrasbourg.com\/index.php\/2021\/10\/14\/art-rhena-volgelsheim-recrute-un-responsable-technique-f-h\/#breadcrumb","itemListElement":[{"@type":"ListItem","position":1,"name":"Accueil","item":"https:\/\/hierostrasbourg.com\/"},{"@type":"ListItem","position":2,"name":"ART RHENA [Volgelsheim] recrute un responsable technique [F\/H]"}]},{"@type":"WebSite","@id":"https:\/\/hierostrasbourg.com\/#website","url":"https:\/\/hierostrasbourg.com\/","name":"HIERO STRASBOURG","description":"Centre de Ressources Musiques Actuelles","publisher":{"@id":"https:\/\/hierostrasbourg.com\/#organization"},"potentialAction":[{"@type":"SearchAction","target":{"@type":"EntryPoint","urlTemplate":"https:\/\/hierostrasbourg.com\/?s={search_term_string}"},"query-input":{"@type":"PropertyValueSpecification","valueRequired":true,"valueName":"search_term_string"}}],"inLanguage":"fr-FR"},{"@type":"Organization","@id":"https:\/\/hierostrasbourg.com\/#organization","name":"F\u00e9d\u00e9ration Hi\u00e9ro Strasbourg","url":"https:\/\/hierostrasbourg.com\/","logo":{"@type":"ImageObject","inLanguage":"fr-FR","@id":"https:\/\/hierostrasbourg.com\/#\/schema\/logo\/image\/","url":"https:\/\/hierostrasbourg.com\/wp-content\/uploads\/2026\/04\/logo-hiero-strasbourg.jpg","contentUrl":"https:\/\/hierostrasbourg.com\/wp-content\/uploads\/2026\/04\/logo-hiero-strasbourg.jpg","width":204,"height":192,"caption":"F\u00e9d\u00e9ration Hi\u00e9ro Strasbourg"},"image":{"@id":"https:\/\/hierostrasbourg.com\/#\/schema\/logo\/image\/"},"sameAs":["https:\/\/www.facebook.com\/fedehierostrasbourg","https:\/\/x.com\/hierostrasbourg"]}]}},"_links":{"self":[{"href":"https:\/\/hierostrasbourg.com\/index.php\/wp-json\/wp\/v2\/posts\/1048","targetHints":{"allow":["GET"]}}],"collection":[{"href":"https:\/\/hierostrasbourg.com\/index.php\/wp-json\/wp\/v2\/posts"}],"about":[{"href":"https:\/\/hierostrasbourg.com\/index.php\/wp-json\/wp\/v2\/types\/post"}],"replies":[{"embeddable":true,"href":"https:\/\/hierostrasbourg.com\/index.php\/wp-json\/wp\/v2\/comments?post=1048"}],"version-history":[{"count":0,"href":"https:\/\/hierostrasbourg.com\/index.php\/wp-json\/wp\/v2\/posts\/1048\/revisions"}],"wp:attachment":[{"href":"https:\/\/hierostrasbourg.com\/index.php\/wp-json\/wp\/v2\/media?parent=1048"}],"wp:term":[{"taxonomy":"category","embeddable":true,"href":"https:\/\/hierostrasbourg.com\/index.php\/wp-json\/wp\/v2\/categories?post=1048"},{"taxonomy":"post_tag","embeddable":true,"href":"https:\/\/hierostrasbourg.com\/index.php\/wp-json\/wp\/v2\/tags?post=1048"}],"curies":[{"name":"wp","href":"https:\/\/api.w.org\/{rel}","templated":true}]}}