{"id":1041,"date":"2021-10-05T13:21:34","date_gmt":"2021-10-05T11:21:34","guid":{"rendered":"https:\/\/hierostrasbourg.com\/index.php\/2021\/10\/05\/a-cause-de-la-taille-de-leurs-instruments-des-musiciens-mis-a-lamende-par-la-sncf\/"},"modified":"2021-10-05T13:21:34","modified_gmt":"2021-10-05T11:21:34","slug":"a-cause-de-la-taille-de-leurs-instruments-des-musiciens-mis-a-lamende-par-la-sncf","status":"publish","type":"post","link":"https:\/\/hierostrasbourg.com\/index.php\/2021\/10\/05\/a-cause-de-la-taille-de-leurs-instruments-des-musiciens-mis-a-lamende-par-la-sncf\/","title":{"rendered":"\u00c0 cause de la taille de leurs instruments, des musiciens mis \u00e0 l\u2019amende par la SNCF"},"content":{"rendered":"<p><em>Contrebasses, clavier, violoncelles, autrefois tol\u00e9r\u00e9s, ne sont plus accept\u00e9s dans les trains. Ce qui complique la vie des artistes en d\u00e9placement pour leurs concerts.<\/em><\/p>\n<p>Source \/ Lire la suite : <a href=\"https:\/\/www.lefigaro.fr\/musique\/a-cause-de-la-taille-de-leurs-instruments-des-musiciens-mis-a-l-amende-par-la-sncf-20211005\">\u00c0 cause de la taille de leurs instruments, des musiciens mis \u00e0 l\u2019amende par la SNCF<\/a><\/p>\n<p>L\u2019article <a href=\"https:\/\/popburo.fr\/a-cause-de-la-taille-de-leurs-instruments-des-musiciens-mis-a-lamende-par-la-sncf\/\">\u00c0 cause de la taille de leurs instruments, des musiciens mis \u00e0 l\u2019amende par la SNCF<\/a> est apparu en premier sur <a href=\"https:\/\/popburo.fr\/\">POP B\u00dcRO<\/a>.<\/p>\n","protected":false},"excerpt":{"rendered":"<p>Contrebasses, clavier, violoncelles, autrefois tol\u00e9r\u00e9s, ne sont plus accept\u00e9s dans les trains. Ce qui complique la vie des artistes en d\u00e9placement pour leurs concerts. Source \/ Lire la suite : \u00c0 cause de la taille de leurs instruments, des musiciens mis \u00e0 l\u2019amende par la SNCF L\u2019article \u00c0 cause de la taille de leurs instruments, des musiciens mis \u00e0 l\u2019amende par la SNCF est apparu en premier sur POP B\u00dcRO.<\/p>\n","protected":false},"author":0,"featured_media":0,"comment_status":"closed","ping_status":"open","sticky":false,"template":"","format":"standard","meta":{"footnotes":""},"categories":[1],"tags":[],"class_list":["post-1041","post","type-post","status-publish","format-standard","hentry","category-non-classe"],"yoast_head":"<!-- This site is optimized with the Yoast SEO plugin v27.5 - https:\/\/yoast.com\/product\/yoast-seo-wordpress\/ -->\n<title>\u00c0 cause de la taille de leurs instruments, des musiciens mis \u00e0 l\u2019amende par la SNCF - HIERO STRASBOURG<\/title>\n<meta name=\"robots\" content=\"index, follow, max-snippet:-1, max-image-preview:large, max-video-preview:-1\" \/>\n<link rel=\"canonical\" href=\"https:\/\/hierostrasbourg.com\/index.php\/2021\/10\/05\/a-cause-de-la-taille-de-leurs-instruments-des-musiciens-mis-a-lamende-par-la-sncf\/\" \/>\n<meta property=\"og:locale\" content=\"fr_FR\" \/>\n<meta property=\"og:type\" content=\"article\" \/>\n<meta property=\"og:title\" content=\"\u00c0 cause de la taille de leurs instruments, des musiciens mis \u00e0 l\u2019amende par la SNCF - HIERO STRASBOURG\" \/>\n<meta property=\"og:description\" content=\"Contrebasses, clavier, violoncelles, autrefois tol\u00e9r\u00e9s, ne sont plus accept\u00e9s dans les trains. Ce qui complique la vie des artistes en d\u00e9placement pour leurs concerts. Source \/ Lire la suite : \u00c0 cause de la taille de leurs instruments, des musiciens mis \u00e0 l\u2019amende par la SNCF L\u2019article \u00c0 cause de la taille de leurs instruments, des musiciens mis \u00e0 l\u2019amende par la SNCF est apparu en premier sur POP B\u00dcRO.\" \/>\n<meta property=\"og:url\" content=\"https:\/\/hierostrasbourg.com\/index.php\/2021\/10\/05\/a-cause-de-la-taille-de-leurs-instruments-des-musiciens-mis-a-lamende-par-la-sncf\/\" \/>\n<meta property=\"og:site_name\" content=\"HIERO STRASBOURG\" \/>\n<meta property=\"article:publisher\" content=\"https:\/\/www.facebook.com\/fedehierostrasbourg\" \/>\n<meta property=\"article:published_time\" content=\"2021-10-05T11:21:34+00:00\" \/>\n<meta name=\"twitter:card\" content=\"summary_large_image\" \/>\n<meta name=\"twitter:creator\" content=\"@hierostrasbourg\" \/>\n<meta name=\"twitter:site\" content=\"@hierostrasbourg\" \/>\n<script type=\"application\/ld+json\" class=\"yoast-schema-graph\">{\"@context\":\"https:\\\/\\\/schema.org\",\"@graph\":[{\"@type\":\"Article\",\"@id\":\"https:\\\/\\\/hierostrasbourg.com\\\/index.php\\\/2021\\\/10\\\/05\\\/a-cause-de-la-taille-de-leurs-instruments-des-musiciens-mis-a-lamende-par-la-sncf\\\/#article\",\"isPartOf\":{\"@id\":\"https:\\\/\\\/hierostrasbourg.com\\\/index.php\\\/2021\\\/10\\\/05\\\/a-cause-de-la-taille-de-leurs-instruments-des-musiciens-mis-a-lamende-par-la-sncf\\\/\"},\"author\":{\"name\":\"\",\"@id\":\"\"},\"headline\":\"\u00c0 cause de la taille de leurs instruments, des musiciens mis \u00e0 l\u2019amende par la SNCF\",\"datePublished\":\"2021-10-05T11:21:34+00:00\",\"mainEntityOfPage\":{\"@id\":\"https:\\\/\\\/hierostrasbourg.com\\\/index.php\\\/2021\\\/10\\\/05\\\/a-cause-de-la-taille-de-leurs-instruments-des-musiciens-mis-a-lamende-par-la-sncf\\\/\"},\"wordCount\":87,\"publisher\":{\"@id\":\"https:\\\/\\\/hierostrasbourg.com\\\/#organization\"},\"inLanguage\":\"fr-FR\"},{\"@type\":\"WebPage\",\"@id\":\"https:\\\/\\\/hierostrasbourg.com\\\/index.php\\\/2021\\\/10\\\/05\\\/a-cause-de-la-taille-de-leurs-instruments-des-musiciens-mis-a-lamende-par-la-sncf\\\/\",\"url\":\"https:\\\/\\\/hierostrasbourg.com\\\/index.php\\\/2021\\\/10\\\/05\\\/a-cause-de-la-taille-de-leurs-instruments-des-musiciens-mis-a-lamende-par-la-sncf\\\/\",\"name\":\"\u00c0 cause de la taille de leurs instruments, des musiciens mis \u00e0 l\u2019amende par la SNCF - HIERO STRASBOURG\",\"isPartOf\":{\"@id\":\"https:\\\/\\\/hierostrasbourg.com\\\/#website\"},\"datePublished\":\"2021-10-05T11:21:34+00:00\",\"breadcrumb\":{\"@id\":\"https:\\\/\\\/hierostrasbourg.com\\\/index.php\\\/2021\\\/10\\\/05\\\/a-cause-de-la-taille-de-leurs-instruments-des-musiciens-mis-a-lamende-par-la-sncf\\\/#breadcrumb\"},\"inLanguage\":\"fr-FR\",\"potentialAction\":[{\"@type\":\"ReadAction\",\"target\":[\"https:\\\/\\\/hierostrasbourg.com\\\/index.php\\\/2021\\\/10\\\/05\\\/a-cause-de-la-taille-de-leurs-instruments-des-musiciens-mis-a-lamende-par-la-sncf\\\/\"]}]},{\"@type\":\"BreadcrumbList\",\"@id\":\"https:\\\/\\\/hierostrasbourg.com\\\/index.php\\\/2021\\\/10\\\/05\\\/a-cause-de-la-taille-de-leurs-instruments-des-musiciens-mis-a-lamende-par-la-sncf\\\/#breadcrumb\",\"itemListElement\":[{\"@type\":\"ListItem\",\"position\":1,\"name\":\"Accueil\",\"item\":\"https:\\\/\\\/hierostrasbourg.com\\\/\"},{\"@type\":\"ListItem\",\"position\":2,\"name\":\"\u00c0 cause de la taille de leurs instruments, des musiciens mis \u00e0 l\u2019amende par la SNCF\"}]},{\"@type\":\"WebSite\",\"@id\":\"https:\\\/\\\/hierostrasbourg.com\\\/#website\",\"url\":\"https:\\\/\\\/hierostrasbourg.com\\\/\",\"name\":\"HIERO STRASBOURG\",\"description\":\"Centre de Ressources Musiques Actuelles\",\"publisher\":{\"@id\":\"https:\\\/\\\/hierostrasbourg.com\\\/#organization\"},\"potentialAction\":[{\"@type\":\"SearchAction\",\"target\":{\"@type\":\"EntryPoint\",\"urlTemplate\":\"https:\\\/\\\/hierostrasbourg.com\\\/?s={search_term_string}\"},\"query-input\":{\"@type\":\"PropertyValueSpecification\",\"valueRequired\":true,\"valueName\":\"search_term_string\"}}],\"inLanguage\":\"fr-FR\"},{\"@type\":\"Organization\",\"@id\":\"https:\\\/\\\/hierostrasbourg.com\\\/#organization\",\"name\":\"F\u00e9d\u00e9ration Hi\u00e9ro Strasbourg\",\"url\":\"https:\\\/\\\/hierostrasbourg.com\\\/\",\"logo\":{\"@type\":\"ImageObject\",\"inLanguage\":\"fr-FR\",\"@id\":\"https:\\\/\\\/hierostrasbourg.com\\\/#\\\/schema\\\/logo\\\/image\\\/\",\"url\":\"https:\\\/\\\/hierostrasbourg.com\\\/wp-content\\\/uploads\\\/2026\\\/04\\\/logo-hiero-strasbourg.jpg\",\"contentUrl\":\"https:\\\/\\\/hierostrasbourg.com\\\/wp-content\\\/uploads\\\/2026\\\/04\\\/logo-hiero-strasbourg.jpg\",\"width\":204,\"height\":192,\"caption\":\"F\u00e9d\u00e9ration Hi\u00e9ro Strasbourg\"},\"image\":{\"@id\":\"https:\\\/\\\/hierostrasbourg.com\\\/#\\\/schema\\\/logo\\\/image\\\/\"},\"sameAs\":[\"https:\\\/\\\/www.facebook.com\\\/fedehierostrasbourg\",\"https:\\\/\\\/x.com\\\/hierostrasbourg\"]}]}<\/script>\n<!-- \/ Yoast SEO plugin. -->","yoast_head_json":{"title":"\u00c0 cause de la taille de leurs instruments, des musiciens mis \u00e0 l\u2019amende par la SNCF - HIERO STRASBOURG","robots":{"index":"index","follow":"follow","max-snippet":"max-snippet:-1","max-image-preview":"max-image-preview:large","max-video-preview":"max-video-preview:-1"},"canonical":"https:\/\/hierostrasbourg.com\/index.php\/2021\/10\/05\/a-cause-de-la-taille-de-leurs-instruments-des-musiciens-mis-a-lamende-par-la-sncf\/","og_locale":"fr_FR","og_type":"article","og_title":"\u00c0 cause de la taille de leurs instruments, des musiciens mis \u00e0 l\u2019amende par la SNCF - HIERO STRASBOURG","og_description":"Contrebasses, clavier, violoncelles, autrefois tol\u00e9r\u00e9s, ne sont plus accept\u00e9s dans les trains. Ce qui complique la vie des artistes en d\u00e9placement pour leurs concerts. Source \/ Lire la suite : \u00c0 cause de la taille de leurs instruments, des musiciens mis \u00e0 l\u2019amende par la SNCF L\u2019article \u00c0 cause de la taille de leurs instruments, des musiciens mis \u00e0 l\u2019amende par la SNCF est apparu en premier sur POP B\u00dcRO.","og_url":"https:\/\/hierostrasbourg.com\/index.php\/2021\/10\/05\/a-cause-de-la-taille-de-leurs-instruments-des-musiciens-mis-a-lamende-par-la-sncf\/","og_site_name":"HIERO STRASBOURG","article_publisher":"https:\/\/www.facebook.com\/fedehierostrasbourg","article_published_time":"2021-10-05T11:21:34+00:00","twitter_card":"summary_large_image","twitter_creator":"@hierostrasbourg","twitter_site":"@hierostrasbourg","schema":{"@context":"https:\/\/schema.org","@graph":[{"@type":"Article","@id":"https:\/\/hierostrasbourg.com\/index.php\/2021\/10\/05\/a-cause-de-la-taille-de-leurs-instruments-des-musiciens-mis-a-lamende-par-la-sncf\/#article","isPartOf":{"@id":"https:\/\/hierostrasbourg.com\/index.php\/2021\/10\/05\/a-cause-de-la-taille-de-leurs-instruments-des-musiciens-mis-a-lamende-par-la-sncf\/"},"author":{"name":"","@id":""},"headline":"\u00c0 cause de la taille de leurs instruments, des musiciens mis \u00e0 l\u2019amende par la SNCF","datePublished":"2021-10-05T11:21:34+00:00","mainEntityOfPage":{"@id":"https:\/\/hierostrasbourg.com\/index.php\/2021\/10\/05\/a-cause-de-la-taille-de-leurs-instruments-des-musiciens-mis-a-lamende-par-la-sncf\/"},"wordCount":87,"publisher":{"@id":"https:\/\/hierostrasbourg.com\/#organization"},"inLanguage":"fr-FR"},{"@type":"WebPage","@id":"https:\/\/hierostrasbourg.com\/index.php\/2021\/10\/05\/a-cause-de-la-taille-de-leurs-instruments-des-musiciens-mis-a-lamende-par-la-sncf\/","url":"https:\/\/hierostrasbourg.com\/index.php\/2021\/10\/05\/a-cause-de-la-taille-de-leurs-instruments-des-musiciens-mis-a-lamende-par-la-sncf\/","name":"\u00c0 cause de la taille de leurs instruments, des musiciens mis \u00e0 l\u2019amende par la SNCF - HIERO STRASBOURG","isPartOf":{"@id":"https:\/\/hierostrasbourg.com\/#website"},"datePublished":"2021-10-05T11:21:34+00:00","breadcrumb":{"@id":"https:\/\/hierostrasbourg.com\/index.php\/2021\/10\/05\/a-cause-de-la-taille-de-leurs-instruments-des-musiciens-mis-a-lamende-par-la-sncf\/#breadcrumb"},"inLanguage":"fr-FR","potentialAction":[{"@type":"ReadAction","target":["https:\/\/hierostrasbourg.com\/index.php\/2021\/10\/05\/a-cause-de-la-taille-de-leurs-instruments-des-musiciens-mis-a-lamende-par-la-sncf\/"]}]},{"@type":"BreadcrumbList","@id":"https:\/\/hierostrasbourg.com\/index.php\/2021\/10\/05\/a-cause-de-la-taille-de-leurs-instruments-des-musiciens-mis-a-lamende-par-la-sncf\/#breadcrumb","itemListElement":[{"@type":"ListItem","position":1,"name":"Accueil","item":"https:\/\/hierostrasbourg.com\/"},{"@type":"ListItem","position":2,"name":"\u00c0 cause de la taille de leurs instruments, des musiciens mis \u00e0 l\u2019amende par la SNCF"}]},{"@type":"WebSite","@id":"https:\/\/hierostrasbourg.com\/#website","url":"https:\/\/hierostrasbourg.com\/","name":"HIERO STRASBOURG","description":"Centre de Ressources Musiques Actuelles","publisher":{"@id":"https:\/\/hierostrasbourg.com\/#organization"},"potentialAction":[{"@type":"SearchAction","target":{"@type":"EntryPoint","urlTemplate":"https:\/\/hierostrasbourg.com\/?s={search_term_string}"},"query-input":{"@type":"PropertyValueSpecification","valueRequired":true,"valueName":"search_term_string"}}],"inLanguage":"fr-FR"},{"@type":"Organization","@id":"https:\/\/hierostrasbourg.com\/#organization","name":"F\u00e9d\u00e9ration Hi\u00e9ro Strasbourg","url":"https:\/\/hierostrasbourg.com\/","logo":{"@type":"ImageObject","inLanguage":"fr-FR","@id":"https:\/\/hierostrasbourg.com\/#\/schema\/logo\/image\/","url":"https:\/\/hierostrasbourg.com\/wp-content\/uploads\/2026\/04\/logo-hiero-strasbourg.jpg","contentUrl":"https:\/\/hierostrasbourg.com\/wp-content\/uploads\/2026\/04\/logo-hiero-strasbourg.jpg","width":204,"height":192,"caption":"F\u00e9d\u00e9ration Hi\u00e9ro Strasbourg"},"image":{"@id":"https:\/\/hierostrasbourg.com\/#\/schema\/logo\/image\/"},"sameAs":["https:\/\/www.facebook.com\/fedehierostrasbourg","https:\/\/x.com\/hierostrasbourg"]}]}},"_links":{"self":[{"href":"https:\/\/hierostrasbourg.com\/index.php\/wp-json\/wp\/v2\/posts\/1041","targetHints":{"allow":["GET"]}}],"collection":[{"href":"https:\/\/hierostrasbourg.com\/index.php\/wp-json\/wp\/v2\/posts"}],"about":[{"href":"https:\/\/hierostrasbourg.com\/index.php\/wp-json\/wp\/v2\/types\/post"}],"replies":[{"embeddable":true,"href":"https:\/\/hierostrasbourg.com\/index.php\/wp-json\/wp\/v2\/comments?post=1041"}],"version-history":[{"count":0,"href":"https:\/\/hierostrasbourg.com\/index.php\/wp-json\/wp\/v2\/posts\/1041\/revisions"}],"wp:attachment":[{"href":"https:\/\/hierostrasbourg.com\/index.php\/wp-json\/wp\/v2\/media?parent=1041"}],"wp:term":[{"taxonomy":"category","embeddable":true,"href":"https:\/\/hierostrasbourg.com\/index.php\/wp-json\/wp\/v2\/categories?post=1041"},{"taxonomy":"post_tag","embeddable":true,"href":"https:\/\/hierostrasbourg.com\/index.php\/wp-json\/wp\/v2\/tags?post=1041"}],"curies":[{"name":"wp","href":"https:\/\/api.w.org\/{rel}","templated":true}]}}