{"id":1020,"date":"2021-10-02T11:19:35","date_gmt":"2021-10-02T09:19:35","guid":{"rendered":"https:\/\/hierostrasbourg.com\/index.php\/2021\/10\/02\/le-crous-strasbourg-recrute-un-charge-daction-culturelle-f-h\/"},"modified":"2021-10-02T11:19:35","modified_gmt":"2021-10-02T09:19:35","slug":"le-crous-strasbourg-recrute-un-charge-daction-culturelle-f-h","status":"publish","type":"post","link":"https:\/\/hierostrasbourg.com\/index.php\/2021\/10\/02\/le-crous-strasbourg-recrute-un-charge-daction-culturelle-f-h\/","title":{"rendered":"LE CROUS [Strasbourg] recrute un charg\u00e9 d\u2019action culturelle [F\/H]"},"content":{"rendered":"<p>Le Crous de Strasbourg est un \u00e9tablissement public administratif dont les missions sont l\u2019h\u00e9bergement (5240 chambres et studios), la restauration, l\u2019allocation de bourses (58M\u20ac), la culture\u2026<\/p>\n<p><a href=\"http:\/\/www.crous-strasbourg.fr\/\">www.crous-strasbourg.fr\u00a0<\/a><\/p>\n<p>Sous l\u2019autorit\u00e9 de la Responsable du service culturel, le\/la charg\u00e9(e) d\u2019action culturelle met en oeuvre la politique culturelle du Crous de Strasbourg et assure le d\u00e9veloppement de la programmation culturelle du Crous.<\/p>\n<h2>Description du poste<\/h2>\n<h3>Activit\u00e9s principales<\/h3>\n<p>Coordonner et d\u00e9velopper la programmation du service culturel, en lien avec la responsable du service culturel<br \/>\nProposer, concevoir et organiser des actions artistiques et culturelles<br \/>\nG\u00e9rer et d\u00e9velopper les relations partenariales en lien avec la programmation \u00e9tablie<br \/>\nAssurer le suivi administratif et financier des projets<br \/>\nCoordonner le dispositif Culture-ActionS (suivi administratif, financier, accompagnement de projets, organisation et animation d\u2019ateliers)<br \/>\nAccompagner des stagiaires ou apprenti-es<br \/>\nG\u00e9rer l\u2019accueil du public sur les manifestations<br \/>\nParticiper aux r\u00e9unions d\u2019\u00e9quipe<\/p>\n<h3>Activit\u00e9s associ\u00e9es<\/h3>\n<p>Suppl\u00e9er la responsable du service<br \/>\nSoutenir l\u2019activit\u00e9 du service<br \/>\nParticiper \u00e0 la promotion des activit\u00e9s du service<br \/>\nAssurer le suivi de la strat\u00e9gie de diffusion des supports<br \/>\nParticiper aux \u00e9v\u00e8nements li\u00e9s \u00e0 la vie du Crous<br \/>\nSuivi du dispositif Culture-ActionS<\/p>\n<h2>Qualit\u00e9s requises<\/h2>\n<h3>Connaissances techniques<\/h3>\n<p>Gestion de projets culturels<br \/>\nM\u00e9diation culturelle<br \/>\nTechniques d\u2019\u00e9valuation d\u2019un projet<br \/>\nR\u00e8gles de s\u00e9curit\u00e9 et d\u2019accueil du public<br \/>\nConnaissance du r\u00e9seau et des acteurs de l\u2019enseignement sup\u00e9rieur<br \/>\nConnaissance des acteurs culturels locaux<br \/>\nCulture g\u00e9n\u00e9rale dans le domaine des arts et de la culture<br \/>\nBonne ma\u00eetrise de l\u2019outil informatique<br \/>\nConnaissances sur le fonctionnement du Service Public et du Crous<\/p>\n<h3>Comp\u00e9tences et qualit\u00e9s personnelles<\/h3>\n<p>Faire preuve d\u2019adaptabilit\u00e9<br \/>\nAvoir une bonne aisance relationnelle<br \/>\nSavoir g\u00e9rer son stress<br \/>\nFaire preuve de r\u00e9activit\u00e9, de rigueur, d\u2019organisation<br \/>\nEtre autonome<br \/>\nSavoir respecter des d\u00e9lais<br \/>\nSavoir travailler en \u00e9quipe<br \/>\nSavoir rendre compte et transmettre l\u2019information<br \/>\nSavoir hi\u00e9rarchiser les t\u00e2ches et g\u00e9rer les urgences<br \/>\nSavoir communiquer (oral et \u00e9crit)<\/p>\n<h2>Conditions particuli\u00e8res<\/h2>\n<p>Gestion de la temporalit\u00e9 li\u00e9e \u00e0 la programmation des \u00e9v\u00e8nements<br \/>\nForte variabilit\u00e9 des horaires de travail (pr\u00e9sence en soir\u00e9es et certains week-ends selon programmation)<br \/>\nD\u00e9placements<\/p>\n<h2>Modalit\u00e9s de candidature<\/h2>\n<p>Mentionner imp\u00e9rativement l\u2019intitul\u00e9 de l\u2019offre dans l\u2019objet du mail.<\/p>\n<p>Les candidatures accompagn\u00e9es d\u2019une lettre de motivation et d\u2019un curriculum vit\u00e6 sont \u00e0 adresser \u00e0 Mme Catherine Albrecht, Directrice des Ressources Humaines, \u00e0 l\u2019adresse mail : secretariat.drh@crous-strasbourg.fr au plus tard le 10 octobre 2021.<\/p>\n<p>L\u2019article <a href=\"https:\/\/popburo.fr\/le-crous-strasbourg-recrute-un-charge-daction-culturelle-f-h\/\">LE CROUS [Strasbourg] recrute un charg\u00e9 d\u2019action culturelle [F\/H]<\/a> est apparu en premier sur <a href=\"https:\/\/popburo.fr\/\">POP B\u00dcRO<\/a>.<\/p>\n","protected":false},"excerpt":{"rendered":"<p>Le Crous de Strasbourg est un \u00e9tablissement public administratif dont les missions sont l\u2019h\u00e9bergement (5240 chambres et studios), la restauration, l\u2019allocation de bourses (58M\u20ac), la culture\u2026 www.crous-strasbourg.fr\u00a0 Sous l\u2019autorit\u00e9 de la Responsable du service culturel, le\/la charg\u00e9(e) d\u2019action culturelle met en oeuvre la politique culturelle du Crous de Strasbourg et assure le d\u00e9veloppement de la programmation culturelle du Crous. Description du poste Activit\u00e9s principales Coordonner et d\u00e9velopper la programmation du service culturel, en lien avec la responsable du service culturel [&hellip;]<\/p>\n","protected":false},"author":0,"featured_media":0,"comment_status":"closed","ping_status":"open","sticky":false,"template":"","format":"standard","meta":{"footnotes":""},"categories":[1],"tags":[],"class_list":["post-1020","post","type-post","status-publish","format-standard","hentry","category-non-classe"],"yoast_head":"<!-- This site is optimized with the Yoast SEO plugin v27.5 - https:\/\/yoast.com\/product\/yoast-seo-wordpress\/ -->\n<title>LE CROUS [Strasbourg] recrute un charg\u00e9 d\u2019action culturelle [F\/H] - HIERO STRASBOURG<\/title>\n<meta name=\"robots\" content=\"index, follow, max-snippet:-1, max-image-preview:large, max-video-preview:-1\" \/>\n<link rel=\"canonical\" href=\"https:\/\/hierostrasbourg.com\/index.php\/2021\/10\/02\/le-crous-strasbourg-recrute-un-charge-daction-culturelle-f-h\/\" \/>\n<meta property=\"og:locale\" content=\"fr_FR\" \/>\n<meta property=\"og:type\" content=\"article\" \/>\n<meta property=\"og:title\" content=\"LE CROUS [Strasbourg] recrute un charg\u00e9 d\u2019action culturelle [F\/H] - HIERO STRASBOURG\" \/>\n<meta property=\"og:description\" content=\"Le Crous de Strasbourg est un \u00e9tablissement public administratif dont les missions sont l\u2019h\u00e9bergement (5240 chambres et studios), la restauration, l\u2019allocation de bourses (58M\u20ac), la culture\u2026 www.crous-strasbourg.fr\u00a0 Sous l\u2019autorit\u00e9 de la Responsable du service culturel, le\/la charg\u00e9(e) d\u2019action culturelle met en oeuvre la politique culturelle du Crous de Strasbourg et assure le d\u00e9veloppement de la programmation culturelle du Crous. Description du poste Activit\u00e9s principales Coordonner et d\u00e9velopper la programmation du service culturel, en lien avec la responsable du service culturel [&hellip;]\" \/>\n<meta property=\"og:url\" content=\"https:\/\/hierostrasbourg.com\/index.php\/2021\/10\/02\/le-crous-strasbourg-recrute-un-charge-daction-culturelle-f-h\/\" \/>\n<meta property=\"og:site_name\" content=\"HIERO STRASBOURG\" \/>\n<meta property=\"article:publisher\" content=\"https:\/\/www.facebook.com\/fedehierostrasbourg\" \/>\n<meta property=\"article:published_time\" content=\"2021-10-02T09:19:35+00:00\" \/>\n<meta name=\"twitter:card\" content=\"summary_large_image\" \/>\n<meta name=\"twitter:creator\" content=\"@hierostrasbourg\" \/>\n<meta name=\"twitter:site\" content=\"@hierostrasbourg\" \/>\n<meta name=\"twitter:label1\" content=\"Dur\u00e9e de lecture estim\u00e9e\" \/>\n\t<meta name=\"twitter:data1\" content=\"2 minutes\" \/>\n<script type=\"application\/ld+json\" class=\"yoast-schema-graph\">{\"@context\":\"https:\\\/\\\/schema.org\",\"@graph\":[{\"@type\":\"Article\",\"@id\":\"https:\\\/\\\/hierostrasbourg.com\\\/index.php\\\/2021\\\/10\\\/02\\\/le-crous-strasbourg-recrute-un-charge-daction-culturelle-f-h\\\/#article\",\"isPartOf\":{\"@id\":\"https:\\\/\\\/hierostrasbourg.com\\\/index.php\\\/2021\\\/10\\\/02\\\/le-crous-strasbourg-recrute-un-charge-daction-culturelle-f-h\\\/\"},\"author\":{\"name\":\"\",\"@id\":\"\"},\"headline\":\"LE CROUS [Strasbourg] recrute un charg\u00e9 d\u2019action culturelle [F\\\/H]\",\"datePublished\":\"2021-10-02T09:19:35+00:00\",\"mainEntityOfPage\":{\"@id\":\"https:\\\/\\\/hierostrasbourg.com\\\/index.php\\\/2021\\\/10\\\/02\\\/le-crous-strasbourg-recrute-un-charge-daction-culturelle-f-h\\\/\"},\"wordCount\":459,\"publisher\":{\"@id\":\"https:\\\/\\\/hierostrasbourg.com\\\/#organization\"},\"inLanguage\":\"fr-FR\"},{\"@type\":\"WebPage\",\"@id\":\"https:\\\/\\\/hierostrasbourg.com\\\/index.php\\\/2021\\\/10\\\/02\\\/le-crous-strasbourg-recrute-un-charge-daction-culturelle-f-h\\\/\",\"url\":\"https:\\\/\\\/hierostrasbourg.com\\\/index.php\\\/2021\\\/10\\\/02\\\/le-crous-strasbourg-recrute-un-charge-daction-culturelle-f-h\\\/\",\"name\":\"LE CROUS [Strasbourg] recrute un charg\u00e9 d\u2019action culturelle [F\\\/H] - HIERO STRASBOURG\",\"isPartOf\":{\"@id\":\"https:\\\/\\\/hierostrasbourg.com\\\/#website\"},\"datePublished\":\"2021-10-02T09:19:35+00:00\",\"breadcrumb\":{\"@id\":\"https:\\\/\\\/hierostrasbourg.com\\\/index.php\\\/2021\\\/10\\\/02\\\/le-crous-strasbourg-recrute-un-charge-daction-culturelle-f-h\\\/#breadcrumb\"},\"inLanguage\":\"fr-FR\",\"potentialAction\":[{\"@type\":\"ReadAction\",\"target\":[\"https:\\\/\\\/hierostrasbourg.com\\\/index.php\\\/2021\\\/10\\\/02\\\/le-crous-strasbourg-recrute-un-charge-daction-culturelle-f-h\\\/\"]}]},{\"@type\":\"BreadcrumbList\",\"@id\":\"https:\\\/\\\/hierostrasbourg.com\\\/index.php\\\/2021\\\/10\\\/02\\\/le-crous-strasbourg-recrute-un-charge-daction-culturelle-f-h\\\/#breadcrumb\",\"itemListElement\":[{\"@type\":\"ListItem\",\"position\":1,\"name\":\"Accueil\",\"item\":\"https:\\\/\\\/hierostrasbourg.com\\\/\"},{\"@type\":\"ListItem\",\"position\":2,\"name\":\"LE CROUS [Strasbourg] recrute un charg\u00e9 d\u2019action culturelle [F\\\/H]\"}]},{\"@type\":\"WebSite\",\"@id\":\"https:\\\/\\\/hierostrasbourg.com\\\/#website\",\"url\":\"https:\\\/\\\/hierostrasbourg.com\\\/\",\"name\":\"HIERO STRASBOURG\",\"description\":\"Centre de Ressources Musiques Actuelles\",\"publisher\":{\"@id\":\"https:\\\/\\\/hierostrasbourg.com\\\/#organization\"},\"potentialAction\":[{\"@type\":\"SearchAction\",\"target\":{\"@type\":\"EntryPoint\",\"urlTemplate\":\"https:\\\/\\\/hierostrasbourg.com\\\/?s={search_term_string}\"},\"query-input\":{\"@type\":\"PropertyValueSpecification\",\"valueRequired\":true,\"valueName\":\"search_term_string\"}}],\"inLanguage\":\"fr-FR\"},{\"@type\":\"Organization\",\"@id\":\"https:\\\/\\\/hierostrasbourg.com\\\/#organization\",\"name\":\"F\u00e9d\u00e9ration Hi\u00e9ro Strasbourg\",\"url\":\"https:\\\/\\\/hierostrasbourg.com\\\/\",\"logo\":{\"@type\":\"ImageObject\",\"inLanguage\":\"fr-FR\",\"@id\":\"https:\\\/\\\/hierostrasbourg.com\\\/#\\\/schema\\\/logo\\\/image\\\/\",\"url\":\"https:\\\/\\\/hierostrasbourg.com\\\/wp-content\\\/uploads\\\/2026\\\/04\\\/logo-hiero-strasbourg.jpg\",\"contentUrl\":\"https:\\\/\\\/hierostrasbourg.com\\\/wp-content\\\/uploads\\\/2026\\\/04\\\/logo-hiero-strasbourg.jpg\",\"width\":204,\"height\":192,\"caption\":\"F\u00e9d\u00e9ration Hi\u00e9ro Strasbourg\"},\"image\":{\"@id\":\"https:\\\/\\\/hierostrasbourg.com\\\/#\\\/schema\\\/logo\\\/image\\\/\"},\"sameAs\":[\"https:\\\/\\\/www.facebook.com\\\/fedehierostrasbourg\",\"https:\\\/\\\/x.com\\\/hierostrasbourg\"]}]}<\/script>\n<!-- \/ Yoast SEO plugin. -->","yoast_head_json":{"title":"LE CROUS [Strasbourg] recrute un charg\u00e9 d\u2019action culturelle [F\/H] - HIERO STRASBOURG","robots":{"index":"index","follow":"follow","max-snippet":"max-snippet:-1","max-image-preview":"max-image-preview:large","max-video-preview":"max-video-preview:-1"},"canonical":"https:\/\/hierostrasbourg.com\/index.php\/2021\/10\/02\/le-crous-strasbourg-recrute-un-charge-daction-culturelle-f-h\/","og_locale":"fr_FR","og_type":"article","og_title":"LE CROUS [Strasbourg] recrute un charg\u00e9 d\u2019action culturelle [F\/H] - HIERO STRASBOURG","og_description":"Le Crous de Strasbourg est un \u00e9tablissement public administratif dont les missions sont l\u2019h\u00e9bergement (5240 chambres et studios), la restauration, l\u2019allocation de bourses (58M\u20ac), la culture\u2026 www.crous-strasbourg.fr\u00a0 Sous l\u2019autorit\u00e9 de la Responsable du service culturel, le\/la charg\u00e9(e) d\u2019action culturelle met en oeuvre la politique culturelle du Crous de Strasbourg et assure le d\u00e9veloppement de la programmation culturelle du Crous. Description du poste Activit\u00e9s principales Coordonner et d\u00e9velopper la programmation du service culturel, en lien avec la responsable du service culturel [&hellip;]","og_url":"https:\/\/hierostrasbourg.com\/index.php\/2021\/10\/02\/le-crous-strasbourg-recrute-un-charge-daction-culturelle-f-h\/","og_site_name":"HIERO STRASBOURG","article_publisher":"https:\/\/www.facebook.com\/fedehierostrasbourg","article_published_time":"2021-10-02T09:19:35+00:00","twitter_card":"summary_large_image","twitter_creator":"@hierostrasbourg","twitter_site":"@hierostrasbourg","twitter_misc":{"Dur\u00e9e de lecture estim\u00e9e":"2 minutes"},"schema":{"@context":"https:\/\/schema.org","@graph":[{"@type":"Article","@id":"https:\/\/hierostrasbourg.com\/index.php\/2021\/10\/02\/le-crous-strasbourg-recrute-un-charge-daction-culturelle-f-h\/#article","isPartOf":{"@id":"https:\/\/hierostrasbourg.com\/index.php\/2021\/10\/02\/le-crous-strasbourg-recrute-un-charge-daction-culturelle-f-h\/"},"author":{"name":"","@id":""},"headline":"LE CROUS [Strasbourg] recrute un charg\u00e9 d\u2019action culturelle [F\/H]","datePublished":"2021-10-02T09:19:35+00:00","mainEntityOfPage":{"@id":"https:\/\/hierostrasbourg.com\/index.php\/2021\/10\/02\/le-crous-strasbourg-recrute-un-charge-daction-culturelle-f-h\/"},"wordCount":459,"publisher":{"@id":"https:\/\/hierostrasbourg.com\/#organization"},"inLanguage":"fr-FR"},{"@type":"WebPage","@id":"https:\/\/hierostrasbourg.com\/index.php\/2021\/10\/02\/le-crous-strasbourg-recrute-un-charge-daction-culturelle-f-h\/","url":"https:\/\/hierostrasbourg.com\/index.php\/2021\/10\/02\/le-crous-strasbourg-recrute-un-charge-daction-culturelle-f-h\/","name":"LE CROUS [Strasbourg] recrute un charg\u00e9 d\u2019action culturelle [F\/H] - HIERO STRASBOURG","isPartOf":{"@id":"https:\/\/hierostrasbourg.com\/#website"},"datePublished":"2021-10-02T09:19:35+00:00","breadcrumb":{"@id":"https:\/\/hierostrasbourg.com\/index.php\/2021\/10\/02\/le-crous-strasbourg-recrute-un-charge-daction-culturelle-f-h\/#breadcrumb"},"inLanguage":"fr-FR","potentialAction":[{"@type":"ReadAction","target":["https:\/\/hierostrasbourg.com\/index.php\/2021\/10\/02\/le-crous-strasbourg-recrute-un-charge-daction-culturelle-f-h\/"]}]},{"@type":"BreadcrumbList","@id":"https:\/\/hierostrasbourg.com\/index.php\/2021\/10\/02\/le-crous-strasbourg-recrute-un-charge-daction-culturelle-f-h\/#breadcrumb","itemListElement":[{"@type":"ListItem","position":1,"name":"Accueil","item":"https:\/\/hierostrasbourg.com\/"},{"@type":"ListItem","position":2,"name":"LE CROUS [Strasbourg] recrute un charg\u00e9 d\u2019action culturelle [F\/H]"}]},{"@type":"WebSite","@id":"https:\/\/hierostrasbourg.com\/#website","url":"https:\/\/hierostrasbourg.com\/","name":"HIERO STRASBOURG","description":"Centre de Ressources Musiques Actuelles","publisher":{"@id":"https:\/\/hierostrasbourg.com\/#organization"},"potentialAction":[{"@type":"SearchAction","target":{"@type":"EntryPoint","urlTemplate":"https:\/\/hierostrasbourg.com\/?s={search_term_string}"},"query-input":{"@type":"PropertyValueSpecification","valueRequired":true,"valueName":"search_term_string"}}],"inLanguage":"fr-FR"},{"@type":"Organization","@id":"https:\/\/hierostrasbourg.com\/#organization","name":"F\u00e9d\u00e9ration Hi\u00e9ro Strasbourg","url":"https:\/\/hierostrasbourg.com\/","logo":{"@type":"ImageObject","inLanguage":"fr-FR","@id":"https:\/\/hierostrasbourg.com\/#\/schema\/logo\/image\/","url":"https:\/\/hierostrasbourg.com\/wp-content\/uploads\/2026\/04\/logo-hiero-strasbourg.jpg","contentUrl":"https:\/\/hierostrasbourg.com\/wp-content\/uploads\/2026\/04\/logo-hiero-strasbourg.jpg","width":204,"height":192,"caption":"F\u00e9d\u00e9ration Hi\u00e9ro Strasbourg"},"image":{"@id":"https:\/\/hierostrasbourg.com\/#\/schema\/logo\/image\/"},"sameAs":["https:\/\/www.facebook.com\/fedehierostrasbourg","https:\/\/x.com\/hierostrasbourg"]}]}},"_links":{"self":[{"href":"https:\/\/hierostrasbourg.com\/index.php\/wp-json\/wp\/v2\/posts\/1020","targetHints":{"allow":["GET"]}}],"collection":[{"href":"https:\/\/hierostrasbourg.com\/index.php\/wp-json\/wp\/v2\/posts"}],"about":[{"href":"https:\/\/hierostrasbourg.com\/index.php\/wp-json\/wp\/v2\/types\/post"}],"replies":[{"embeddable":true,"href":"https:\/\/hierostrasbourg.com\/index.php\/wp-json\/wp\/v2\/comments?post=1020"}],"version-history":[{"count":0,"href":"https:\/\/hierostrasbourg.com\/index.php\/wp-json\/wp\/v2\/posts\/1020\/revisions"}],"wp:attachment":[{"href":"https:\/\/hierostrasbourg.com\/index.php\/wp-json\/wp\/v2\/media?parent=1020"}],"wp:term":[{"taxonomy":"category","embeddable":true,"href":"https:\/\/hierostrasbourg.com\/index.php\/wp-json\/wp\/v2\/categories?post=1020"},{"taxonomy":"post_tag","embeddable":true,"href":"https:\/\/hierostrasbourg.com\/index.php\/wp-json\/wp\/v2\/tags?post=1020"}],"curies":[{"name":"wp","href":"https:\/\/api.w.org\/{rel}","templated":true}]}}