{"id":1017,"date":"2021-10-02T09:21:58","date_gmt":"2021-10-02T07:21:58","guid":{"rendered":"https:\/\/hierostrasbourg.com\/index.php\/2021\/10\/02\/audit-le-soutien-du-ministere-de-la-culture-ay-spectacle-vivant-pendant-la-crise-du-covid-19\/"},"modified":"2021-10-02T09:21:58","modified_gmt":"2021-10-02T07:21:58","slug":"audit-le-soutien-du-ministere-de-la-culture-ay-spectacle-vivant-pendant-la-crise-du-covid-19","status":"publish","type":"post","link":"https:\/\/hierostrasbourg.com\/index.php\/2021\/10\/02\/audit-le-soutien-du-ministere-de-la-culture-ay-spectacle-vivant-pendant-la-crise-du-covid-19\/","title":{"rendered":"Audit \u201cLe soutien du Minist\u00e8re de la Culture ay spectacle vivant pendant la crise du Covid 19\u201d"},"content":{"rendered":"<p>Les rapports de la Cour des comptes sont r\u00e9alis\u00e9s par l\u2019une des six chambres que comprend la Cour ou par une formation associant plusieurs chambres et\/ou plusieurs chambres r\u00e9gionales ou territoriales des comptes.<br \/>\nTrois principes fondamentaux gouvernent l\u2019organisation et l\u2019activit\u00e9 de la Cour ainsi que des chambres r\u00e9gionales et territoriales des comptes, donc aussi bien l\u2019ex\u00e9cution de leurs contr\u00f4les, et enqu\u00eates que l\u2019\u00e9laboration des rapports publics qui en r\u00e9sultent : l\u2019ind\u00e9pendance, la contradiction et la coll\u00e9gialit\u00e9.<br \/>\nL\u2019ind\u00e9pendance institutionnelle des juridictions financi\u00e8res et l\u2019ind\u00e9pendance statutaire de leurs membres garantissent que les contr\u00f4les effectu\u00e9s et les conclusions tir\u00e9es le sont en toute libert\u00e9 d\u2019appr\u00e9ciation.<br \/>\nLa contradiction implique que toutes les constatations et appr\u00e9ciations faites lors d\u2019un contr\u00f4le ou d\u2019une enqu\u00eate, de m\u00eame que toutes les observations et recommandations formul\u00e9es ensuite, sont syst\u00e9matiquement soumises aux responsables des administrations ou organismes concern\u00e9s ; elles ne peuvent \u00eatre rendues d\u00e9finitives qu\u2019apr\u00e8s prise en compte des r\u00e9ponses re\u00e7ues et, s\u2019il y a lieu, apr\u00e8s audition des responsables concern\u00e9s.<br \/>\nSauf pour les rapports r\u00e9alis\u00e9s \u00e0 la demande du Parlement ou du Gouvernement, la publication d\u2019un rapport est n\u00e9cessairement pr\u00e9c\u00e9d\u00e9e par la communication du projet de texte, que la Cour se propose de publier, aux ministres et aux responsables des organismes concern\u00e9s, ainsi qu\u2019aux autres personnes morales ou physiques directement int\u00e9ress\u00e9es. Dans le rapport publi\u00e9, leurs r\u00e9ponses accompagnent toujours le texte de la Cour.<br \/>\nLa coll\u00e9gialit\u00e9 intervient pour conclure les principales \u00e9tapes des proc\u00e9dures de contr\u00f4le et de publication. Tout contr\u00f4le ou enqu\u00eate est confi\u00e9 \u00e0 un ou plusieurs rapporteurs. Le rapport d\u2019instruction, comme les projets ult\u00e9rieurs d\u2019observations et de recommandations, provisoires et d\u00e9finitives, sont examin\u00e9s et d\u00e9lib\u00e9r\u00e9s de fa\u00e7on coll\u00e9giale, par une formation comprenant au moins trois magistrats. L\u2019un des magistrats assure le r\u00f4le de contre- rapporteur et veille \u00e0 la qualit\u00e9 des contr\u00f4les.<br \/>\nConsacr\u00e9e aux soutiens sp\u00e9cifiques apport\u00e9s par l\u2019\u00c9tat au secteur du spectacle vivant depuis le d\u00e9but de la crise sanitaire, cet audit r\u00e9sulte d\u2019une enqu\u00eate r\u00e9alis\u00e9e dans le contexte particulier de la pand\u00e9mie. Afin d\u2019informer les autorit\u00e9s gouvernementales dans des d\u00e9lais adapt\u00e9s aux circonstances et en vue d\u2019une \u00e9ventuelle publication, l\u2019instruction a \u00e9t\u00e9 men\u00e9e de fa\u00e7on acc\u00e9l\u00e9r\u00e9e et la dur\u00e9e de la contradiction r\u00e9duite \u00e0 deux semaines. L\u2019analyse porte principalement sur la p\u00e9riode de mars 2020 \u00e0 mars 2021, sans pour autant m\u00e9conna\u00eetre les mesures annonc\u00e9es en mai 2021.<\/p>\n<p>De brefs questionnaires ont \u00e9t\u00e9 adress\u00e9s aux directions concern\u00e9es du minist\u00e8re de la culture, aux services d\u00e9concentr\u00e9s, ainsi qu\u2019aux deux principaux organismes charg\u00e9s de la gestion des dispositifs d\u2019aides que sont le Centre national de la musique (CNM) et l\u2019Association pour le soutien du th\u00e9\u00e2tre priv\u00e9 (ASTP). Des entretiens se sont tenus avec le CBCM, la DGCA, les d\u00e9l\u00e9gations et certaines directions r\u00e9gionales des affaires culturelles (DRAC), l\u2019ASTP et le CNM.<br \/>\nEnviron 80 dossiers de demandes d\u2019aide octroy\u00e9es par l\u2019ASTP ont \u00e9t\u00e9 contr\u00f4l\u00e9s (sur un total de 3 233 demandes et 2 749 aides octroy\u00e9es entre mars 2020 et le 31 mars 2021). Ce contr\u00f4le a port\u00e9 sur la r\u00e9gularit\u00e9 des demandes et la conformit\u00e9 des pi\u00e8ces fournies au regard des proc\u00e9dures d\u2019attribution. En revanche, la date d\u2019ouverture des acc\u00e8s \u00e0 la plateforme de gestion du CNM n\u2019a pas permis de proc\u00e9der de m\u00eame pour le CNM dans les d\u00e9lais de l\u2019enqu\u00eate.<br \/>\nLe projet de rapport a \u00e9t\u00e9 d\u00e9lib\u00e9r\u00e9, le 7 juillet 2021, par la troisi\u00e8me chambre pr\u00e9sid\u00e9e par M. Louis Gautier, et compos\u00e9e de MM. Barb\u00e9, Mousson, Glimet, Samaran, conseillers ma\u00eetres, Mme Prost, conseill\u00e8re ma\u00eetre en service extraordinaire, ainsi que, en tant que rapporteurs, Mme Ang\u00e9lique Sloan, rapporteure ext\u00e9rieure, M. Laurent Roussely, v\u00e9rificateur, et, en tant que contre- rapporteur, M. Jacques Tournier, conseiller ma\u00eetre, pr\u00e9sident de section.<br \/>\nIl a \u00e9t\u00e9 examin\u00e9 et approuv\u00e9, le 15 juillet 2021, par le comit\u00e9 du rapport public et des programmes de la Cour des comptes, compos\u00e9 de M. Moscovici, Premier pr\u00e9sident, Mme Camby, rapporteure g\u00e9n\u00e9rale du comit\u00e9, M. Andr\u00e9ani, Mme Podeur, M. Charpy, M. Gautier, pr\u00e9sidents de chambre de la Cour, M. Martin, M. Meddah, M. Lejeune, M. Advielle, Mme Bergogne, pr\u00e9sidents de chambre r\u00e9gionales des comptes, M. Viola, pr\u00e9sident de section \u00e0 la 6e chambre, Mme Soussia, pr\u00e9sidente de section \u00e0 la 5e chambre, Mme Hirsch, Procureure g\u00e9n\u00e9rale, entendue en ses avis.<\/p>\n<div class=\"ead-preview\">\n<div class=\"ead-document\">\n<div class=\"ead-iframe-wrapper\"><\/div>\n<div class=\"ead-document-loading\">\n<div class=\"ead-loading-wrap\">\n<div class=\"ead-loading-main\">\n<div class=\"ead-loading\">\n\t\t\t\t\t\t\t<span>En cours de chargement\u2026<\/span>\n\t\t\t\t\t\t<\/div>\n<\/p><\/div>\n<div class=\"ead-loading-foot\">\n<div class=\"ead-loading-foot-title\">\n\t\t\t\t\t\t\t<span>Cela prend trop de temps\u00a0?<\/span>\n\t\t\t\t\t\t<\/div>\n<\/p>\n<div class=\"ead-document-btn ead-reload-btn\">\n\t\t\t\t\t\t\t\t Recharger le document\t\t\t\t\t\t\t<\/div>\n<p>\t\t\t\t\t\t\t<span>|<\/span><br \/>\n\t\t\t\t\t\t\t<a href=\"https:\/\/musiquesactuelles.net\/wp-content\/uploads\/2021\/01\/20210929-audit-flash-spectacle-vivant.pdf\" class=\"ead-document-btn\"><br \/>\n\t\t\t\t\t\t\t\t Ouvrir dans un nouvel onglet\t\t\t\t\t\t\t<\/a>\n\t\t\t\t\t<\/div>\n<\/p><\/div>\n<\/p><\/div>\n<\/p><\/div>\n<p class=\"embed_download\"><a href=\"https:\/\/musiquesactuelles.net\/wp-content\/uploads\/2021\/01\/20210929-audit-flash-spectacle-vivant.pdf\">\ufeffT\u00e9l\u00e9charger <\/a><\/p>\n<\/div>\n<p>L\u2019article <a href=\"https:\/\/popburo.fr\/audit-le-soutien-du-ministere-de-la-culture-ay-spectacle-vivant-pendant-la-crise-du-covid-19\/\">Audit \u201cLe soutien du Minist\u00e8re de la Culture ay spectacle vivant pendant la crise du Covid 19\u201d<\/a> est apparu en premier sur <a href=\"https:\/\/popburo.fr\/\">POP B\u00dcRO<\/a>.<\/p>\n","protected":false},"excerpt":{"rendered":"<p>Les rapports de la Cour des comptes sont r\u00e9alis\u00e9s par l\u2019une des six chambres que comprend la Cour ou par une formation associant plusieurs chambres et\/ou plusieurs chambres r\u00e9gionales ou territoriales des comptes. Trois principes fondamentaux gouvernent l\u2019organisation et l\u2019activit\u00e9 de la Cour ainsi que des chambres r\u00e9gionales et territoriales des comptes, donc aussi bien l\u2019ex\u00e9cution de leurs contr\u00f4les, et enqu\u00eates que l\u2019\u00e9laboration des rapports publics qui en r\u00e9sultent : l\u2019ind\u00e9pendance, la contradiction et la coll\u00e9gialit\u00e9. L\u2019ind\u00e9pendance institutionnelle des juridictions [&hellip;]<\/p>\n","protected":false},"author":0,"featured_media":0,"comment_status":"closed","ping_status":"open","sticky":false,"template":"","format":"standard","meta":{"footnotes":""},"categories":[1],"tags":[],"class_list":["post-1017","post","type-post","status-publish","format-standard","hentry","category-non-classe"],"yoast_head":"<!-- This site is optimized with the Yoast SEO plugin v27.5 - https:\/\/yoast.com\/product\/yoast-seo-wordpress\/ -->\n<title>Audit \u201cLe soutien du Minist\u00e8re de la Culture ay spectacle vivant pendant la crise du Covid 19\u201d - HIERO STRASBOURG<\/title>\n<meta name=\"robots\" content=\"index, follow, max-snippet:-1, max-image-preview:large, max-video-preview:-1\" \/>\n<link rel=\"canonical\" href=\"https:\/\/hierostrasbourg.com\/index.php\/2021\/10\/02\/audit-le-soutien-du-ministere-de-la-culture-ay-spectacle-vivant-pendant-la-crise-du-covid-19\/\" \/>\n<meta property=\"og:locale\" content=\"fr_FR\" \/>\n<meta property=\"og:type\" content=\"article\" \/>\n<meta property=\"og:title\" content=\"Audit \u201cLe soutien du Minist\u00e8re de la Culture ay spectacle vivant pendant la crise du Covid 19\u201d - HIERO STRASBOURG\" \/>\n<meta property=\"og:description\" content=\"Les rapports de la Cour des comptes sont r\u00e9alis\u00e9s par l\u2019une des six chambres que comprend la Cour ou par une formation associant plusieurs chambres et\/ou plusieurs chambres r\u00e9gionales ou territoriales des comptes. Trois principes fondamentaux gouvernent l\u2019organisation et l\u2019activit\u00e9 de la Cour ainsi que des chambres r\u00e9gionales et territoriales des comptes, donc aussi bien l\u2019ex\u00e9cution de leurs contr\u00f4les, et enqu\u00eates que l\u2019\u00e9laboration des rapports publics qui en r\u00e9sultent : l\u2019ind\u00e9pendance, la contradiction et la coll\u00e9gialit\u00e9. L\u2019ind\u00e9pendance institutionnelle des juridictions [&hellip;]\" \/>\n<meta property=\"og:url\" content=\"https:\/\/hierostrasbourg.com\/index.php\/2021\/10\/02\/audit-le-soutien-du-ministere-de-la-culture-ay-spectacle-vivant-pendant-la-crise-du-covid-19\/\" \/>\n<meta property=\"og:site_name\" content=\"HIERO STRASBOURG\" \/>\n<meta property=\"article:publisher\" content=\"https:\/\/www.facebook.com\/fedehierostrasbourg\" \/>\n<meta property=\"article:published_time\" content=\"2021-10-02T07:21:58+00:00\" \/>\n<meta name=\"twitter:card\" content=\"summary_large_image\" \/>\n<meta name=\"twitter:creator\" content=\"@hierostrasbourg\" \/>\n<meta name=\"twitter:site\" content=\"@hierostrasbourg\" \/>\n<meta name=\"twitter:label1\" content=\"Dur\u00e9e de lecture estim\u00e9e\" \/>\n\t<meta name=\"twitter:data1\" content=\"4 minutes\" \/>\n<script type=\"application\/ld+json\" class=\"yoast-schema-graph\">{\"@context\":\"https:\\\/\\\/schema.org\",\"@graph\":[{\"@type\":\"Article\",\"@id\":\"https:\\\/\\\/hierostrasbourg.com\\\/index.php\\\/2021\\\/10\\\/02\\\/audit-le-soutien-du-ministere-de-la-culture-ay-spectacle-vivant-pendant-la-crise-du-covid-19\\\/#article\",\"isPartOf\":{\"@id\":\"https:\\\/\\\/hierostrasbourg.com\\\/index.php\\\/2021\\\/10\\\/02\\\/audit-le-soutien-du-ministere-de-la-culture-ay-spectacle-vivant-pendant-la-crise-du-covid-19\\\/\"},\"author\":{\"name\":\"\",\"@id\":\"\"},\"headline\":\"Audit \u201cLe soutien du Minist\u00e8re de la Culture ay spectacle vivant pendant la crise du Covid 19\u201d\",\"datePublished\":\"2021-10-02T07:21:58+00:00\",\"mainEntityOfPage\":{\"@id\":\"https:\\\/\\\/hierostrasbourg.com\\\/index.php\\\/2021\\\/10\\\/02\\\/audit-le-soutien-du-ministere-de-la-culture-ay-spectacle-vivant-pendant-la-crise-du-covid-19\\\/\"},\"wordCount\":895,\"publisher\":{\"@id\":\"https:\\\/\\\/hierostrasbourg.com\\\/#organization\"},\"inLanguage\":\"fr-FR\"},{\"@type\":\"WebPage\",\"@id\":\"https:\\\/\\\/hierostrasbourg.com\\\/index.php\\\/2021\\\/10\\\/02\\\/audit-le-soutien-du-ministere-de-la-culture-ay-spectacle-vivant-pendant-la-crise-du-covid-19\\\/\",\"url\":\"https:\\\/\\\/hierostrasbourg.com\\\/index.php\\\/2021\\\/10\\\/02\\\/audit-le-soutien-du-ministere-de-la-culture-ay-spectacle-vivant-pendant-la-crise-du-covid-19\\\/\",\"name\":\"Audit \u201cLe soutien du Minist\u00e8re de la Culture ay spectacle vivant pendant la crise du Covid 19\u201d - HIERO STRASBOURG\",\"isPartOf\":{\"@id\":\"https:\\\/\\\/hierostrasbourg.com\\\/#website\"},\"datePublished\":\"2021-10-02T07:21:58+00:00\",\"breadcrumb\":{\"@id\":\"https:\\\/\\\/hierostrasbourg.com\\\/index.php\\\/2021\\\/10\\\/02\\\/audit-le-soutien-du-ministere-de-la-culture-ay-spectacle-vivant-pendant-la-crise-du-covid-19\\\/#breadcrumb\"},\"inLanguage\":\"fr-FR\",\"potentialAction\":[{\"@type\":\"ReadAction\",\"target\":[\"https:\\\/\\\/hierostrasbourg.com\\\/index.php\\\/2021\\\/10\\\/02\\\/audit-le-soutien-du-ministere-de-la-culture-ay-spectacle-vivant-pendant-la-crise-du-covid-19\\\/\"]}]},{\"@type\":\"BreadcrumbList\",\"@id\":\"https:\\\/\\\/hierostrasbourg.com\\\/index.php\\\/2021\\\/10\\\/02\\\/audit-le-soutien-du-ministere-de-la-culture-ay-spectacle-vivant-pendant-la-crise-du-covid-19\\\/#breadcrumb\",\"itemListElement\":[{\"@type\":\"ListItem\",\"position\":1,\"name\":\"Accueil\",\"item\":\"https:\\\/\\\/hierostrasbourg.com\\\/\"},{\"@type\":\"ListItem\",\"position\":2,\"name\":\"Audit \u201cLe soutien du Minist\u00e8re de la Culture ay spectacle vivant pendant la crise du Covid 19\u201d\"}]},{\"@type\":\"WebSite\",\"@id\":\"https:\\\/\\\/hierostrasbourg.com\\\/#website\",\"url\":\"https:\\\/\\\/hierostrasbourg.com\\\/\",\"name\":\"HIERO STRASBOURG\",\"description\":\"Centre de Ressources Musiques Actuelles\",\"publisher\":{\"@id\":\"https:\\\/\\\/hierostrasbourg.com\\\/#organization\"},\"potentialAction\":[{\"@type\":\"SearchAction\",\"target\":{\"@type\":\"EntryPoint\",\"urlTemplate\":\"https:\\\/\\\/hierostrasbourg.com\\\/?s={search_term_string}\"},\"query-input\":{\"@type\":\"PropertyValueSpecification\",\"valueRequired\":true,\"valueName\":\"search_term_string\"}}],\"inLanguage\":\"fr-FR\"},{\"@type\":\"Organization\",\"@id\":\"https:\\\/\\\/hierostrasbourg.com\\\/#organization\",\"name\":\"F\u00e9d\u00e9ration Hi\u00e9ro Strasbourg\",\"url\":\"https:\\\/\\\/hierostrasbourg.com\\\/\",\"logo\":{\"@type\":\"ImageObject\",\"inLanguage\":\"fr-FR\",\"@id\":\"https:\\\/\\\/hierostrasbourg.com\\\/#\\\/schema\\\/logo\\\/image\\\/\",\"url\":\"https:\\\/\\\/hierostrasbourg.com\\\/wp-content\\\/uploads\\\/2026\\\/04\\\/logo-hiero-strasbourg.jpg\",\"contentUrl\":\"https:\\\/\\\/hierostrasbourg.com\\\/wp-content\\\/uploads\\\/2026\\\/04\\\/logo-hiero-strasbourg.jpg\",\"width\":204,\"height\":192,\"caption\":\"F\u00e9d\u00e9ration Hi\u00e9ro Strasbourg\"},\"image\":{\"@id\":\"https:\\\/\\\/hierostrasbourg.com\\\/#\\\/schema\\\/logo\\\/image\\\/\"},\"sameAs\":[\"https:\\\/\\\/www.facebook.com\\\/fedehierostrasbourg\",\"https:\\\/\\\/x.com\\\/hierostrasbourg\"]}]}<\/script>\n<!-- \/ Yoast SEO plugin. -->","yoast_head_json":{"title":"Audit \u201cLe soutien du Minist\u00e8re de la Culture ay spectacle vivant pendant la crise du Covid 19\u201d - HIERO STRASBOURG","robots":{"index":"index","follow":"follow","max-snippet":"max-snippet:-1","max-image-preview":"max-image-preview:large","max-video-preview":"max-video-preview:-1"},"canonical":"https:\/\/hierostrasbourg.com\/index.php\/2021\/10\/02\/audit-le-soutien-du-ministere-de-la-culture-ay-spectacle-vivant-pendant-la-crise-du-covid-19\/","og_locale":"fr_FR","og_type":"article","og_title":"Audit \u201cLe soutien du Minist\u00e8re de la Culture ay spectacle vivant pendant la crise du Covid 19\u201d - HIERO STRASBOURG","og_description":"Les rapports de la Cour des comptes sont r\u00e9alis\u00e9s par l\u2019une des six chambres que comprend la Cour ou par une formation associant plusieurs chambres et\/ou plusieurs chambres r\u00e9gionales ou territoriales des comptes. Trois principes fondamentaux gouvernent l\u2019organisation et l\u2019activit\u00e9 de la Cour ainsi que des chambres r\u00e9gionales et territoriales des comptes, donc aussi bien l\u2019ex\u00e9cution de leurs contr\u00f4les, et enqu\u00eates que l\u2019\u00e9laboration des rapports publics qui en r\u00e9sultent : l\u2019ind\u00e9pendance, la contradiction et la coll\u00e9gialit\u00e9. L\u2019ind\u00e9pendance institutionnelle des juridictions [&hellip;]","og_url":"https:\/\/hierostrasbourg.com\/index.php\/2021\/10\/02\/audit-le-soutien-du-ministere-de-la-culture-ay-spectacle-vivant-pendant-la-crise-du-covid-19\/","og_site_name":"HIERO STRASBOURG","article_publisher":"https:\/\/www.facebook.com\/fedehierostrasbourg","article_published_time":"2021-10-02T07:21:58+00:00","twitter_card":"summary_large_image","twitter_creator":"@hierostrasbourg","twitter_site":"@hierostrasbourg","twitter_misc":{"Dur\u00e9e de lecture estim\u00e9e":"4 minutes"},"schema":{"@context":"https:\/\/schema.org","@graph":[{"@type":"Article","@id":"https:\/\/hierostrasbourg.com\/index.php\/2021\/10\/02\/audit-le-soutien-du-ministere-de-la-culture-ay-spectacle-vivant-pendant-la-crise-du-covid-19\/#article","isPartOf":{"@id":"https:\/\/hierostrasbourg.com\/index.php\/2021\/10\/02\/audit-le-soutien-du-ministere-de-la-culture-ay-spectacle-vivant-pendant-la-crise-du-covid-19\/"},"author":{"name":"","@id":""},"headline":"Audit \u201cLe soutien du Minist\u00e8re de la Culture ay spectacle vivant pendant la crise du Covid 19\u201d","datePublished":"2021-10-02T07:21:58+00:00","mainEntityOfPage":{"@id":"https:\/\/hierostrasbourg.com\/index.php\/2021\/10\/02\/audit-le-soutien-du-ministere-de-la-culture-ay-spectacle-vivant-pendant-la-crise-du-covid-19\/"},"wordCount":895,"publisher":{"@id":"https:\/\/hierostrasbourg.com\/#organization"},"inLanguage":"fr-FR"},{"@type":"WebPage","@id":"https:\/\/hierostrasbourg.com\/index.php\/2021\/10\/02\/audit-le-soutien-du-ministere-de-la-culture-ay-spectacle-vivant-pendant-la-crise-du-covid-19\/","url":"https:\/\/hierostrasbourg.com\/index.php\/2021\/10\/02\/audit-le-soutien-du-ministere-de-la-culture-ay-spectacle-vivant-pendant-la-crise-du-covid-19\/","name":"Audit \u201cLe soutien du Minist\u00e8re de la Culture ay spectacle vivant pendant la crise du Covid 19\u201d - HIERO STRASBOURG","isPartOf":{"@id":"https:\/\/hierostrasbourg.com\/#website"},"datePublished":"2021-10-02T07:21:58+00:00","breadcrumb":{"@id":"https:\/\/hierostrasbourg.com\/index.php\/2021\/10\/02\/audit-le-soutien-du-ministere-de-la-culture-ay-spectacle-vivant-pendant-la-crise-du-covid-19\/#breadcrumb"},"inLanguage":"fr-FR","potentialAction":[{"@type":"ReadAction","target":["https:\/\/hierostrasbourg.com\/index.php\/2021\/10\/02\/audit-le-soutien-du-ministere-de-la-culture-ay-spectacle-vivant-pendant-la-crise-du-covid-19\/"]}]},{"@type":"BreadcrumbList","@id":"https:\/\/hierostrasbourg.com\/index.php\/2021\/10\/02\/audit-le-soutien-du-ministere-de-la-culture-ay-spectacle-vivant-pendant-la-crise-du-covid-19\/#breadcrumb","itemListElement":[{"@type":"ListItem","position":1,"name":"Accueil","item":"https:\/\/hierostrasbourg.com\/"},{"@type":"ListItem","position":2,"name":"Audit \u201cLe soutien du Minist\u00e8re de la Culture ay spectacle vivant pendant la crise du Covid 19\u201d"}]},{"@type":"WebSite","@id":"https:\/\/hierostrasbourg.com\/#website","url":"https:\/\/hierostrasbourg.com\/","name":"HIERO STRASBOURG","description":"Centre de Ressources Musiques Actuelles","publisher":{"@id":"https:\/\/hierostrasbourg.com\/#organization"},"potentialAction":[{"@type":"SearchAction","target":{"@type":"EntryPoint","urlTemplate":"https:\/\/hierostrasbourg.com\/?s={search_term_string}"},"query-input":{"@type":"PropertyValueSpecification","valueRequired":true,"valueName":"search_term_string"}}],"inLanguage":"fr-FR"},{"@type":"Organization","@id":"https:\/\/hierostrasbourg.com\/#organization","name":"F\u00e9d\u00e9ration Hi\u00e9ro Strasbourg","url":"https:\/\/hierostrasbourg.com\/","logo":{"@type":"ImageObject","inLanguage":"fr-FR","@id":"https:\/\/hierostrasbourg.com\/#\/schema\/logo\/image\/","url":"https:\/\/hierostrasbourg.com\/wp-content\/uploads\/2026\/04\/logo-hiero-strasbourg.jpg","contentUrl":"https:\/\/hierostrasbourg.com\/wp-content\/uploads\/2026\/04\/logo-hiero-strasbourg.jpg","width":204,"height":192,"caption":"F\u00e9d\u00e9ration Hi\u00e9ro Strasbourg"},"image":{"@id":"https:\/\/hierostrasbourg.com\/#\/schema\/logo\/image\/"},"sameAs":["https:\/\/www.facebook.com\/fedehierostrasbourg","https:\/\/x.com\/hierostrasbourg"]}]}},"_links":{"self":[{"href":"https:\/\/hierostrasbourg.com\/index.php\/wp-json\/wp\/v2\/posts\/1017","targetHints":{"allow":["GET"]}}],"collection":[{"href":"https:\/\/hierostrasbourg.com\/index.php\/wp-json\/wp\/v2\/posts"}],"about":[{"href":"https:\/\/hierostrasbourg.com\/index.php\/wp-json\/wp\/v2\/types\/post"}],"replies":[{"embeddable":true,"href":"https:\/\/hierostrasbourg.com\/index.php\/wp-json\/wp\/v2\/comments?post=1017"}],"version-history":[{"count":0,"href":"https:\/\/hierostrasbourg.com\/index.php\/wp-json\/wp\/v2\/posts\/1017\/revisions"}],"wp:attachment":[{"href":"https:\/\/hierostrasbourg.com\/index.php\/wp-json\/wp\/v2\/media?parent=1017"}],"wp:term":[{"taxonomy":"category","embeddable":true,"href":"https:\/\/hierostrasbourg.com\/index.php\/wp-json\/wp\/v2\/categories?post=1017"},{"taxonomy":"post_tag","embeddable":true,"href":"https:\/\/hierostrasbourg.com\/index.php\/wp-json\/wp\/v2\/tags?post=1017"}],"curies":[{"name":"wp","href":"https:\/\/api.w.org\/{rel}","templated":true}]}}