{"id":1000,"date":"2021-09-29T13:21:00","date_gmt":"2021-09-29T11:21:00","guid":{"rendered":"https:\/\/hierostrasbourg.com\/index.php\/2021\/09\/29\/culture-la-cour-des-comptes-pointe-de-possibles-effets-daubaine\/"},"modified":"2021-09-29T13:21:00","modified_gmt":"2021-09-29T11:21:00","slug":"culture-la-cour-des-comptes-pointe-de-possibles-effets-daubaine","status":"publish","type":"post","link":"https:\/\/hierostrasbourg.com\/index.php\/2021\/09\/29\/culture-la-cour-des-comptes-pointe-de-possibles-effets-daubaine\/","title":{"rendered":"Culture : la Cour des comptes pointe de possibles effets d\u2019aubaine"},"content":{"rendered":"<p><em>Les magistrats de la rue Cambon ont analys\u00e9 les aides sp\u00e9cifiques dans le secteur du cin\u00e9ma, du spectacle vivant et du patrimoine, durant la crise sanitaire. Tout en soulignant le caract\u00e8re souvent exceptionnel des aides, la Cour des comptes d\u00e9nonce le manque de contr\u00f4les et d\u2019\u00e9valuation.<\/em><\/p>\n<p>Source \/ Lire la suite : <a href=\"https:\/\/www.lesechos.fr\/tech-medias\/medias\/culture-la-cour-des-comptes-pointe-de-possibles-effets-daubaine-1350379\">Culture : la Cour des comptes pointe de possibles effets d\u2019aubaine<\/a><\/p>\n<p>L\u2019article <a href=\"https:\/\/popburo.fr\/culture-la-cour-des-comptes-pointe-de-possibles-effets-daubaine\/\">Culture : la Cour des comptes pointe de possibles effets d\u2019aubaine<\/a> est apparu en premier sur <a href=\"https:\/\/popburo.fr\/\">POP B\u00dcRO<\/a>.<\/p>\n","protected":false},"excerpt":{"rendered":"<p>Les magistrats de la rue Cambon ont analys\u00e9 les aides sp\u00e9cifiques dans le secteur du cin\u00e9ma, du spectacle vivant et du patrimoine, durant la crise sanitaire. Tout en soulignant le caract\u00e8re souvent exceptionnel des aides, la Cour des comptes d\u00e9nonce le manque de contr\u00f4les et d\u2019\u00e9valuation. Source \/ Lire la suite : Culture : la Cour des comptes pointe de possibles effets d\u2019aubaine L\u2019article Culture : la Cour des comptes pointe de possibles effets d\u2019aubaine est apparu en premier sur [&hellip;]<\/p>\n","protected":false},"author":0,"featured_media":0,"comment_status":"closed","ping_status":"open","sticky":false,"template":"","format":"standard","meta":{"footnotes":""},"categories":[1],"tags":[],"class_list":["post-1000","post","type-post","status-publish","format-standard","hentry","category-non-classe"],"yoast_head":"<!-- This site is optimized with the Yoast SEO plugin v27.5 - https:\/\/yoast.com\/product\/yoast-seo-wordpress\/ -->\n<title>Culture : la Cour des comptes pointe de possibles effets d\u2019aubaine - HIERO STRASBOURG<\/title>\n<meta name=\"robots\" content=\"index, follow, max-snippet:-1, max-image-preview:large, max-video-preview:-1\" \/>\n<link rel=\"canonical\" href=\"https:\/\/hierostrasbourg.com\/index.php\/2021\/09\/29\/culture-la-cour-des-comptes-pointe-de-possibles-effets-daubaine\/\" \/>\n<meta property=\"og:locale\" content=\"fr_FR\" \/>\n<meta property=\"og:type\" content=\"article\" \/>\n<meta property=\"og:title\" content=\"Culture : la Cour des comptes pointe de possibles effets d\u2019aubaine - HIERO STRASBOURG\" \/>\n<meta property=\"og:description\" content=\"Les magistrats de la rue Cambon ont analys\u00e9 les aides sp\u00e9cifiques dans le secteur du cin\u00e9ma, du spectacle vivant et du patrimoine, durant la crise sanitaire. Tout en soulignant le caract\u00e8re souvent exceptionnel des aides, la Cour des comptes d\u00e9nonce le manque de contr\u00f4les et d\u2019\u00e9valuation. Source \/ Lire la suite : Culture : la Cour des comptes pointe de possibles effets d\u2019aubaine L\u2019article Culture : la Cour des comptes pointe de possibles effets d\u2019aubaine est apparu en premier sur [&hellip;]\" \/>\n<meta property=\"og:url\" content=\"https:\/\/hierostrasbourg.com\/index.php\/2021\/09\/29\/culture-la-cour-des-comptes-pointe-de-possibles-effets-daubaine\/\" \/>\n<meta property=\"og:site_name\" content=\"HIERO STRASBOURG\" \/>\n<meta property=\"article:publisher\" content=\"https:\/\/www.facebook.com\/fedehierostrasbourg\" \/>\n<meta property=\"article:published_time\" content=\"2021-09-29T11:21:00+00:00\" \/>\n<meta name=\"twitter:card\" content=\"summary_large_image\" \/>\n<meta name=\"twitter:creator\" content=\"@hierostrasbourg\" \/>\n<meta name=\"twitter:site\" content=\"@hierostrasbourg\" \/>\n<script type=\"application\/ld+json\" class=\"yoast-schema-graph\">{\"@context\":\"https:\\\/\\\/schema.org\",\"@graph\":[{\"@type\":\"Article\",\"@id\":\"https:\\\/\\\/hierostrasbourg.com\\\/index.php\\\/2021\\\/09\\\/29\\\/culture-la-cour-des-comptes-pointe-de-possibles-effets-daubaine\\\/#article\",\"isPartOf\":{\"@id\":\"https:\\\/\\\/hierostrasbourg.com\\\/index.php\\\/2021\\\/09\\\/29\\\/culture-la-cour-des-comptes-pointe-de-possibles-effets-daubaine\\\/\"},\"author\":{\"name\":\"\",\"@id\":\"\"},\"headline\":\"Culture : la Cour des comptes pointe de possibles effets d\u2019aubaine\",\"datePublished\":\"2021-09-29T11:21:00+00:00\",\"mainEntityOfPage\":{\"@id\":\"https:\\\/\\\/hierostrasbourg.com\\\/index.php\\\/2021\\\/09\\\/29\\\/culture-la-cour-des-comptes-pointe-de-possibles-effets-daubaine\\\/\"},\"wordCount\":99,\"publisher\":{\"@id\":\"https:\\\/\\\/hierostrasbourg.com\\\/#organization\"},\"inLanguage\":\"fr-FR\"},{\"@type\":\"WebPage\",\"@id\":\"https:\\\/\\\/hierostrasbourg.com\\\/index.php\\\/2021\\\/09\\\/29\\\/culture-la-cour-des-comptes-pointe-de-possibles-effets-daubaine\\\/\",\"url\":\"https:\\\/\\\/hierostrasbourg.com\\\/index.php\\\/2021\\\/09\\\/29\\\/culture-la-cour-des-comptes-pointe-de-possibles-effets-daubaine\\\/\",\"name\":\"Culture : la Cour des comptes pointe de possibles effets d\u2019aubaine - HIERO STRASBOURG\",\"isPartOf\":{\"@id\":\"https:\\\/\\\/hierostrasbourg.com\\\/#website\"},\"datePublished\":\"2021-09-29T11:21:00+00:00\",\"breadcrumb\":{\"@id\":\"https:\\\/\\\/hierostrasbourg.com\\\/index.php\\\/2021\\\/09\\\/29\\\/culture-la-cour-des-comptes-pointe-de-possibles-effets-daubaine\\\/#breadcrumb\"},\"inLanguage\":\"fr-FR\",\"potentialAction\":[{\"@type\":\"ReadAction\",\"target\":[\"https:\\\/\\\/hierostrasbourg.com\\\/index.php\\\/2021\\\/09\\\/29\\\/culture-la-cour-des-comptes-pointe-de-possibles-effets-daubaine\\\/\"]}]},{\"@type\":\"BreadcrumbList\",\"@id\":\"https:\\\/\\\/hierostrasbourg.com\\\/index.php\\\/2021\\\/09\\\/29\\\/culture-la-cour-des-comptes-pointe-de-possibles-effets-daubaine\\\/#breadcrumb\",\"itemListElement\":[{\"@type\":\"ListItem\",\"position\":1,\"name\":\"Accueil\",\"item\":\"https:\\\/\\\/hierostrasbourg.com\\\/\"},{\"@type\":\"ListItem\",\"position\":2,\"name\":\"Culture : la Cour des comptes pointe de possibles effets d\u2019aubaine\"}]},{\"@type\":\"WebSite\",\"@id\":\"https:\\\/\\\/hierostrasbourg.com\\\/#website\",\"url\":\"https:\\\/\\\/hierostrasbourg.com\\\/\",\"name\":\"HIERO STRASBOURG\",\"description\":\"Centre de Ressources Musiques Actuelles\",\"publisher\":{\"@id\":\"https:\\\/\\\/hierostrasbourg.com\\\/#organization\"},\"potentialAction\":[{\"@type\":\"SearchAction\",\"target\":{\"@type\":\"EntryPoint\",\"urlTemplate\":\"https:\\\/\\\/hierostrasbourg.com\\\/?s={search_term_string}\"},\"query-input\":{\"@type\":\"PropertyValueSpecification\",\"valueRequired\":true,\"valueName\":\"search_term_string\"}}],\"inLanguage\":\"fr-FR\"},{\"@type\":\"Organization\",\"@id\":\"https:\\\/\\\/hierostrasbourg.com\\\/#organization\",\"name\":\"F\u00e9d\u00e9ration Hi\u00e9ro Strasbourg\",\"url\":\"https:\\\/\\\/hierostrasbourg.com\\\/\",\"logo\":{\"@type\":\"ImageObject\",\"inLanguage\":\"fr-FR\",\"@id\":\"https:\\\/\\\/hierostrasbourg.com\\\/#\\\/schema\\\/logo\\\/image\\\/\",\"url\":\"https:\\\/\\\/hierostrasbourg.com\\\/wp-content\\\/uploads\\\/2026\\\/04\\\/logo-hiero-strasbourg.jpg\",\"contentUrl\":\"https:\\\/\\\/hierostrasbourg.com\\\/wp-content\\\/uploads\\\/2026\\\/04\\\/logo-hiero-strasbourg.jpg\",\"width\":204,\"height\":192,\"caption\":\"F\u00e9d\u00e9ration Hi\u00e9ro Strasbourg\"},\"image\":{\"@id\":\"https:\\\/\\\/hierostrasbourg.com\\\/#\\\/schema\\\/logo\\\/image\\\/\"},\"sameAs\":[\"https:\\\/\\\/www.facebook.com\\\/fedehierostrasbourg\",\"https:\\\/\\\/x.com\\\/hierostrasbourg\"]}]}<\/script>\n<!-- \/ Yoast SEO plugin. -->","yoast_head_json":{"title":"Culture : la Cour des comptes pointe de possibles effets d\u2019aubaine - HIERO STRASBOURG","robots":{"index":"index","follow":"follow","max-snippet":"max-snippet:-1","max-image-preview":"max-image-preview:large","max-video-preview":"max-video-preview:-1"},"canonical":"https:\/\/hierostrasbourg.com\/index.php\/2021\/09\/29\/culture-la-cour-des-comptes-pointe-de-possibles-effets-daubaine\/","og_locale":"fr_FR","og_type":"article","og_title":"Culture : la Cour des comptes pointe de possibles effets d\u2019aubaine - HIERO STRASBOURG","og_description":"Les magistrats de la rue Cambon ont analys\u00e9 les aides sp\u00e9cifiques dans le secteur du cin\u00e9ma, du spectacle vivant et du patrimoine, durant la crise sanitaire. Tout en soulignant le caract\u00e8re souvent exceptionnel des aides, la Cour des comptes d\u00e9nonce le manque de contr\u00f4les et d\u2019\u00e9valuation. Source \/ Lire la suite : Culture : la Cour des comptes pointe de possibles effets d\u2019aubaine L\u2019article Culture : la Cour des comptes pointe de possibles effets d\u2019aubaine est apparu en premier sur [&hellip;]","og_url":"https:\/\/hierostrasbourg.com\/index.php\/2021\/09\/29\/culture-la-cour-des-comptes-pointe-de-possibles-effets-daubaine\/","og_site_name":"HIERO STRASBOURG","article_publisher":"https:\/\/www.facebook.com\/fedehierostrasbourg","article_published_time":"2021-09-29T11:21:00+00:00","twitter_card":"summary_large_image","twitter_creator":"@hierostrasbourg","twitter_site":"@hierostrasbourg","schema":{"@context":"https:\/\/schema.org","@graph":[{"@type":"Article","@id":"https:\/\/hierostrasbourg.com\/index.php\/2021\/09\/29\/culture-la-cour-des-comptes-pointe-de-possibles-effets-daubaine\/#article","isPartOf":{"@id":"https:\/\/hierostrasbourg.com\/index.php\/2021\/09\/29\/culture-la-cour-des-comptes-pointe-de-possibles-effets-daubaine\/"},"author":{"name":"","@id":""},"headline":"Culture : la Cour des comptes pointe de possibles effets d\u2019aubaine","datePublished":"2021-09-29T11:21:00+00:00","mainEntityOfPage":{"@id":"https:\/\/hierostrasbourg.com\/index.php\/2021\/09\/29\/culture-la-cour-des-comptes-pointe-de-possibles-effets-daubaine\/"},"wordCount":99,"publisher":{"@id":"https:\/\/hierostrasbourg.com\/#organization"},"inLanguage":"fr-FR"},{"@type":"WebPage","@id":"https:\/\/hierostrasbourg.com\/index.php\/2021\/09\/29\/culture-la-cour-des-comptes-pointe-de-possibles-effets-daubaine\/","url":"https:\/\/hierostrasbourg.com\/index.php\/2021\/09\/29\/culture-la-cour-des-comptes-pointe-de-possibles-effets-daubaine\/","name":"Culture : la Cour des comptes pointe de possibles effets d\u2019aubaine - HIERO STRASBOURG","isPartOf":{"@id":"https:\/\/hierostrasbourg.com\/#website"},"datePublished":"2021-09-29T11:21:00+00:00","breadcrumb":{"@id":"https:\/\/hierostrasbourg.com\/index.php\/2021\/09\/29\/culture-la-cour-des-comptes-pointe-de-possibles-effets-daubaine\/#breadcrumb"},"inLanguage":"fr-FR","potentialAction":[{"@type":"ReadAction","target":["https:\/\/hierostrasbourg.com\/index.php\/2021\/09\/29\/culture-la-cour-des-comptes-pointe-de-possibles-effets-daubaine\/"]}]},{"@type":"BreadcrumbList","@id":"https:\/\/hierostrasbourg.com\/index.php\/2021\/09\/29\/culture-la-cour-des-comptes-pointe-de-possibles-effets-daubaine\/#breadcrumb","itemListElement":[{"@type":"ListItem","position":1,"name":"Accueil","item":"https:\/\/hierostrasbourg.com\/"},{"@type":"ListItem","position":2,"name":"Culture : la Cour des comptes pointe de possibles effets d\u2019aubaine"}]},{"@type":"WebSite","@id":"https:\/\/hierostrasbourg.com\/#website","url":"https:\/\/hierostrasbourg.com\/","name":"HIERO STRASBOURG","description":"Centre de Ressources Musiques Actuelles","publisher":{"@id":"https:\/\/hierostrasbourg.com\/#organization"},"potentialAction":[{"@type":"SearchAction","target":{"@type":"EntryPoint","urlTemplate":"https:\/\/hierostrasbourg.com\/?s={search_term_string}"},"query-input":{"@type":"PropertyValueSpecification","valueRequired":true,"valueName":"search_term_string"}}],"inLanguage":"fr-FR"},{"@type":"Organization","@id":"https:\/\/hierostrasbourg.com\/#organization","name":"F\u00e9d\u00e9ration Hi\u00e9ro Strasbourg","url":"https:\/\/hierostrasbourg.com\/","logo":{"@type":"ImageObject","inLanguage":"fr-FR","@id":"https:\/\/hierostrasbourg.com\/#\/schema\/logo\/image\/","url":"https:\/\/hierostrasbourg.com\/wp-content\/uploads\/2026\/04\/logo-hiero-strasbourg.jpg","contentUrl":"https:\/\/hierostrasbourg.com\/wp-content\/uploads\/2026\/04\/logo-hiero-strasbourg.jpg","width":204,"height":192,"caption":"F\u00e9d\u00e9ration Hi\u00e9ro Strasbourg"},"image":{"@id":"https:\/\/hierostrasbourg.com\/#\/schema\/logo\/image\/"},"sameAs":["https:\/\/www.facebook.com\/fedehierostrasbourg","https:\/\/x.com\/hierostrasbourg"]}]}},"_links":{"self":[{"href":"https:\/\/hierostrasbourg.com\/index.php\/wp-json\/wp\/v2\/posts\/1000","targetHints":{"allow":["GET"]}}],"collection":[{"href":"https:\/\/hierostrasbourg.com\/index.php\/wp-json\/wp\/v2\/posts"}],"about":[{"href":"https:\/\/hierostrasbourg.com\/index.php\/wp-json\/wp\/v2\/types\/post"}],"replies":[{"embeddable":true,"href":"https:\/\/hierostrasbourg.com\/index.php\/wp-json\/wp\/v2\/comments?post=1000"}],"version-history":[{"count":0,"href":"https:\/\/hierostrasbourg.com\/index.php\/wp-json\/wp\/v2\/posts\/1000\/revisions"}],"wp:attachment":[{"href":"https:\/\/hierostrasbourg.com\/index.php\/wp-json\/wp\/v2\/media?parent=1000"}],"wp:term":[{"taxonomy":"category","embeddable":true,"href":"https:\/\/hierostrasbourg.com\/index.php\/wp-json\/wp\/v2\/categories?post=1000"},{"taxonomy":"post_tag","embeddable":true,"href":"https:\/\/hierostrasbourg.com\/index.php\/wp-json\/wp\/v2\/tags?post=1000"}],"curies":[{"name":"wp","href":"https:\/\/api.w.org\/{rel}","templated":true}]}}